{"id":958,"date":"2022-12-28T08:12:30","date_gmt":"2022-12-28T07:12:30","guid":{"rendered":"https:\/\/www.slavonski-planinari.hr\/arhiva\/wp\/?p=958"},"modified":"2023-02-15T13:56:19","modified_gmt":"2023-02-15T12:56:19","slug":"tradicionalni-11-pohod-na-kapavac-najvisi-vrh-pozeske-gore","status":"publish","type":"post","link":"https:\/\/www.slavonski-planinari.hr\/arhiva\/tradicionalni-11-pohod-na-kapavac-najvisi-vrh-pozeske-gore\/","title":{"rendered":"Tradicionalni 11. pohod na Kapavac najvi\u0161i vrh Po\u017ee\u0161ke gore"},"content":{"rendered":"<p>[et_pb_section fb_built=&#8221;1&#8243; admin_label=&#8221;section&#8221; _builder_version=&#8221;4.16&#8243; global_colors_info=&#8221;{}&#8221;][et_pb_row _builder_version=&#8221;4.18.0&#8243; _module_preset=&#8221;default&#8221; custom_padding=&#8221;78px|||||&#8221; global_colors_info=&#8221;{}&#8221;][et_pb_column type=&#8221;4_4&#8243; _builder_version=&#8221;4.18.0&#8243; _module_preset=&#8221;default&#8221; global_colors_info=&#8221;{}&#8221;][et_pb_image src=&#8221;https:\/\/www.slavonski-planinari.hr\/arhiva\/wp-content\/uploads\/2022\/12\/11.-Pohod-na-Kapavac-15.01.2023-page0001.jpg&#8221; title_text=&#8221;11. Pohod na Kapavac 15.01.2023-page0001&#8243; show_in_lightbox=&#8221;on&#8221; align=&#8221;center&#8221; _builder_version=&#8221;4.19.4&#8243; _module_preset=&#8221;default&#8221; transform_scale=&#8221;246%|246%&#8221; width=&#8221;36%&#8221; global_colors_info=&#8221;{}&#8221;][\/et_pb_image][\/et_pb_column][\/et_pb_row][et_pb_row admin_label=&#8221;row&#8221; _builder_version=&#8221;4.16&#8243; background_size=&#8221;initial&#8221; background_position=&#8221;top_left&#8221; background_repeat=&#8221;repeat&#8221; global_colors_info=&#8221;{}&#8221;][et_pb_column type=&#8221;4_4&#8243; _builder_version=&#8221;4.16&#8243; custom_padding=&#8221;|||&#8221; global_colors_info=&#8221;{}&#8221; custom_padding__hover=&#8221;|||&#8221;][et_pb_text admin_label=&#8221;Text&#8221; _builder_version=&#8221;4.19.4&#8243; background_size=&#8221;initial&#8221; background_position=&#8221;top_left&#8221; background_repeat=&#8221;repeat&#8221; width=&#8221;99.8%&#8221; custom_padding=&#8221;85px|||||&#8221; global_colors_info=&#8221;{}&#8221;]<\/p>\n<p><strong>HPD &#8220;Sokolovac&#8221; Po\u017eega &#8211; Planinarska sekcija &#8220;Kapavac&#8221; Zakorenje<\/strong><\/p>\n<p><strong>Pozivaju sve planinare i ljubitelje planina na<\/strong><\/p>\n<p><strong>TRADICIONALNI 11. POHOD NA KAPAVAC<\/strong><\/p>\n<p><strong>NAJVI\u0160I VRH PO\u017dE\u0160KE GORE<\/strong><\/p>\n<p><strong>15. sije\u010dnja 2023.<\/strong><\/p>\n<p><strong>\u00a0<\/strong><\/p>\n<p><strong>Vidimo se na pohodu.<\/strong><\/p>\n<p><strong>\u00a0<\/strong><\/p>\n<p><strong>Va\u0161 HPD &#8220;SOKOLOVAC&#8221; PO\u017dEGA- SEKCIJA &#8220;KAPAVAC&#8221; ZAKORENJE<\/strong><\/p>\n<p>[\/et_pb_text][\/et_pb_column][\/et_pb_row][et_pb_row _builder_version=&#8221;4.19.4&#8243; _module_preset=&#8221;default&#8221;][et_pb_column _builder_version=&#8221;4.19.4&#8243; _module_preset=&#8221;default&#8221; type=&#8221;4_4&#8243;][et_pb_image src=&#8221;https:\/\/www.slavonski-planinari.hr\/arhiva\/wp-content\/uploads\/2023\/01\/PLAKAT-11.-POHOD-NA-KAPAVAC-2023.jpg&#8221; _builder_version=&#8221;4.19.4&#8243; _module_preset=&#8221;default&#8221; title_text=&#8221;PLAKAT &#8211; 11. POHOD NA KAPAVAC 2023&#8243; align=&#8221;center&#8221; hover_enabled=&#8221;0&#8243; sticky_enabled=&#8221;0&#8243;][\/et_pb_image][\/et_pb_column][\/et_pb_row][\/et_pb_section]<\/p>\n","protected":false},"excerpt":{"rendered":"<p>HPD &#8220;Sokolovac&#8221; Po\u017eega &#8211; Planinarska sekcija &#8220;Kapavac&#8221; Zakorenje Pozivaju sve planinare i ljubitelje planina na TRADICIONALNI 11. POHOD NA KAPAVAC NAJVI\u0160I VRH PO\u017dE\u0160KE GORE 15. sije\u010dnja 2023. \u00a0 Vidimo se na pohodu. \u00a0 Va\u0161 HPD &#8220;SOKOLOVAC&#8221; PO\u017dEGA- SEKCIJA &#8220;KAPAVAC&#8221; ZAKORENJE<\/p>\n","protected":false},"author":1,"featured_media":959,"comment_status":"closed","ping_status":"open","sticky":false,"template":"","format":"standard","meta":{"_et_pb_use_builder":"on","_et_pb_old_content":"","_et_gb_content_width":"1080","footnotes":""},"categories":[37],"tags":[],"class_list":["post-958","post","type-post","status-publish","format-standard","has-post-thumbnail","hentry","category-37"],"_links":{"self":[{"href":"https:\/\/www.slavonski-planinari.hr\/arhiva\/wp-json\/wp\/v2\/posts\/958","targetHints":{"allow":["GET"]}}],"collection":[{"href":"https:\/\/www.slavonski-planinari.hr\/arhiva\/wp-json\/wp\/v2\/posts"}],"about":[{"href":"https:\/\/www.slavonski-planinari.hr\/arhiva\/wp-json\/wp\/v2\/types\/post"}],"author":[{"embeddable":true,"href":"https:\/\/www.slavonski-planinari.hr\/arhiva\/wp-json\/wp\/v2\/users\/1"}],"replies":[{"embeddable":true,"href":"https:\/\/www.slavonski-planinari.hr\/arhiva\/wp-json\/wp\/v2\/comments?post=958"}],"version-history":[{"count":0,"href":"https:\/\/www.slavonski-planinari.hr\/arhiva\/wp-json\/wp\/v2\/posts\/958\/revisions"}],"wp:featuredmedia":[{"embeddable":true,"href":"https:\/\/www.slavonski-planinari.hr\/arhiva\/wp-json\/wp\/v2\/media\/959"}],"wp:attachment":[{"href":"https:\/\/www.slavonski-planinari.hr\/arhiva\/wp-json\/wp\/v2\/media?parent=958"}],"wp:term":[{"taxonomy":"category","embeddable":true,"href":"https:\/\/www.slavonski-planinari.hr\/arhiva\/wp-json\/wp\/v2\/categories?post=958"},{"taxonomy":"post_tag","embeddable":true,"href":"https:\/\/www.slavonski-planinari.hr\/arhiva\/wp-json\/wp\/v2\/tags?post=958"}],"curies":[{"name":"wp","href":"https:\/\/api.w.org\/{rel}","templated":true}]}}