{"id":82,"date":"2022-09-16T05:46:53","date_gmt":"2022-09-16T04:46:53","guid":{"rendered":"https:\/\/www.slavonski-planinari.hr\/arhiva\/wp\/?p=82"},"modified":"2023-02-15T12:20:01","modified_gmt":"2023-02-15T11:20:01","slug":"82","status":"publish","type":"post","link":"https:\/\/www.slavonski-planinari.hr\/arhiva\/82\/","title":{"rendered":"70. Dan Slavonskih planinara odr\u017ean na Petrovom vrhu kod Daruvara"},"content":{"rendered":"<p>[et_pb_section fb_built=&#8221;1&#8243; _builder_version=&#8221;4.18.0&#8243; _module_preset=&#8221;default&#8221; custom_padding=&#8221;0px|||||&#8221; global_colors_info=&#8221;{}&#8221;][et_pb_row _builder_version=&#8221;4.18.0&#8243; _module_preset=&#8221;default&#8221; global_colors_info=&#8221;{}&#8221;][et_pb_column type=&#8221;4_4&#8243; _builder_version=&#8221;4.18.0&#8243; _module_preset=&#8221;default&#8221; global_colors_info=&#8221;{}&#8221;][et_pb_text _builder_version=&#8221;4.18.0&#8243; _module_preset=&#8221;default&#8221; global_colors_info=&#8221;{}&#8221;]<\/p>\n<p style=\"text-align: justify;\">Poslije dvogodi\u0161nje pauze, izazvane pandemijskim i organizacijskim problemima, odr\u017ean je Dan Slavonskih planinara, 70. po redu. Brojka je to proiza\u0161la iz sumiranja svih sletova, dana i susreta koji su u osnovi imali isti karakter: godi\u0161nje okupljanje planinara s podru\u010dja Slavonije u \u0161irem smislu. Prvo je odr\u017eano davne 1930., u organizaciji po\u017ee\u0161kih planinara, a od 2015. se organizira pod rednim brojem 65 i nazivom koji i danas koristimo. Brigu o toj tradiciji vodi udruga Slavonski planinari (ranije Slavonski planinarski savez), a doma\u0107in je svaki puta neko drugo planinarsko dru\u0161tvo-\u010dlanica. Ovaj puta je to PD Petrov vrh iz Daruvara, koje bilje\u017ei 90 godina organiziranog planinarstva u gradu.<\/p>\n<p style=\"text-align: justify;\">Godina je 2022. 11. rujna, nedjelja. Poslije ki\u0161ne no\u0107i jo\u0161 je svje\u017ee a naoblaka se jo\u0161 dr\u017ei dosta gusto&#8230; Jutro je i sti\u017eu prvi sudionici na plato ispred planinarskog doma Petrov vrh. Malo po malo i eto veselog planinarskog \u017eamora. Ne\u0161to poslije zakazanih 9 sati slijede pozdravne rije\u010di i otvorenje: Otmar Tosenberger ispred udruge Slavonski planinari, Mario Ripli ispred HPS-a, Narcis Smojver i Tihomir Djedovi\u0107 iz PD Petrov vrh o dru\u0161tvu i stazama te o logistici i zabavnom dijelu.<\/p>\n<p style=\"text-align: justify;\">Pitamo se koliko \u0107e biti blata na stazama no to \u0107emo uskoro saznati jer vodi\u010di zovu. Du\u017ea staza SPP-om do Slivinog vise\u0107eg mosta preko Stan\u010devca pa na privremeni vidikovac Glama\u010dine. Ovdje je, zbog sje\u010de \u0161ume, otvoren jedinstveni pogled na ju\u017ene padine Poganog vrha i glavnog grebena Zapadnog Papuka, od Vranog kamena do Crnog vrha. Vodi\u010d Narcis. Kra\u0107a vodi do izleti\u0161ta Sko\u010daj i nazad, vodi\u010d je Soni. Blata je bilo pa pro\u0161lo. Nebo se ra\u0161\u010distilo i zaplavilo a na njemu beskona\u010dna igra bijelih oblaka raznih formacija i veli\u010dina. Vidici, gdje ih je bilo, prekrasni.<\/p>\n<p style=\"text-align: justify;\">Bila je i jo\u0161 jedna staza, nazvana Jubilarnom za 65 godina Slavonskog planinarskog puta. Njome je rano u 6 sati Josip Previ\u0107, predsjednik PD Petrov vrh, poveo malu grupu doma\u0107ih planinara. \u0160teta \u0161to im se nitko iz drugih dru\u0161tava nije pridru\u017eio, a bilo je planirano. Bila je to najdu\u017ea, najte\u017ea ali i najljep\u0161a tura. Za bolje hoda\u010de: Vrani kamen &#8211; Crni vrh &#8211; Me\u0111a &#8211; V. Stan\u010devac &#8211; Slivin most &#8211; dom, du\u017eina oko 23 km.<\/p>\n<p style=\"text-align: justify;\">Na putu su sreli Michaela Zidanica, Amerikanca na\u0161ih korijena, i jo\u0161 dvojicu stranaca koji hodaju Croatian long distance trail &#8211; CLDT od Iloka. Michael se kasnije priklju\u010dio na\u0161em dru\u017eenju kod doma.<\/p>\n<p style=\"text-align: justify;\">Izvrstan grah i jo\u0161 bolja janjetina s ra\u017enja uz \u017eivu glazbu bila je dalje na programu. Kada se dru\u0161tvo ve\u0107 za\u017eelilo sporijeg tempa, uru\u010dena su 24 priznanja Kamilo Firinger za turni obilazak Slavonskog planinarskog puta ili vi\u0161estruki obilazak (najmanje 5 ovjerenih dnevnika) za period 2020. &#8211; 2022. (do 31.kolovoza). Slijedila je i podjela zahvalnica za sudjelovanje te zavr\u0161etak slu\u017ebenog dijela i pozdrav do idu\u0107e godine&#8230; Jo\u0161 ne znamo gdje.<\/p>\n<div style=\"text-align: justify;\">Jubilej 65 godina SPP-a i 60 godina udruge Slavonski planinari obilje\u017een je povijesnom<span>\u00a0<\/span><span><a href=\"https:\/\/www.slavonski-planinari.hr\/arhiva\/povijesni-zapisi\/65-godina-spp-a\">izlo\u017ebom<\/a><\/span><span>\u00a0<\/span>postavljenom u domu te prigodnim letcima i naljepnicama.<\/div>\n<div style=\"text-align: justify;\">Uz lijepo vrijeme, za jo\u0161 jedan odli\u010dno organiziran i proveden Dan Slavonskih planinara &#8220;krivi&#8221; su: doma\u0107ini iz PD Petrov vrh Daruvar te planinari iz HPD Beli\u0161\u0107e, HPD Br\u0161ljan-Jankovac, HPD Bilogora, HPD Cibalia, PD Dilj gora, PD \u0110akovo, PD Frankopan, HPD Gojzerica, PD Krndija, PD Mali\u0161\u0107ak, HPD Orahovica, HPD Papuk, PD Psunj, HPD Sokol, HPD Strmac, HPD Vidim, PD Zmajevac, HGSS stanica Sl. Brod te HGSS stanica Bjelovar koji su de\u017eurali zbog sigurnosti svih prisutnih. Ukupno bar 250 sudionika.<\/div>\n<div style=\"text-align: justify;\"><\/div>\n<div style=\"text-align: justify;\"><\/div>\n<div style=\"text-align: justify;\"><\/div>\n<div style=\"text-align: justify;\"><\/div>\n<div style=\"text-align: justify;\"><\/div>\n<div style=\"text-align: justify;\"><\/div>\n<p style=\"text-align: right;\">[\/et_pb_text][et_pb_divider show_divider=&#8221;off&#8221; _builder_version=&#8221;4.18.0&#8243; _module_preset=&#8221;default&#8221; custom_padding=&#8221;||0px|||&#8221; global_colors_info=&#8221;{}&#8221;][\/et_pb_divider][et_pb_text _builder_version=&#8221;4.18.0&#8243; _module_preset=&#8221;default&#8221; global_colors_info=&#8221;{}&#8221;]<\/p>\n<p style=\"text-align: right;\">tekst: Otmar Tosenberger, fotografije: Mario Ripli i Josip Previ\u0107<\/p>\n<p>[\/et_pb_text][\/et_pb_column][\/et_pb_row][et_pb_row _builder_version=&#8221;4.18.0&#8243; _module_preset=&#8221;default&#8221; hover_enabled=&#8221;0&#8243; global_colors_info=&#8221;{}&#8221; sticky_enabled=&#8221;0&#8243;][et_pb_column type=&#8221;4_4&#8243; _builder_version=&#8221;4.18.0&#8243; _module_preset=&#8221;default&#8221; global_colors_info=&#8221;{}&#8221;][et_pb_gallery gallery_ids=&#8221;93,94,95,96,97,98,99,100&#8243; posts_number=&#8221;8&#8243; show_title_and_caption=&#8221;off&#8221; show_pagination=&#8221;off&#8221; _builder_version=&#8221;4.18.0&#8243; _module_preset=&#8221;default&#8221; pagination_font=&#8221;Montserrat||||||||&#8221; animation_style=&#8221;flip&#8221; hover_enabled=&#8221;0&#8243; box_shadow_style_image=&#8221;preset2&#8243; global_colors_info=&#8221;{}&#8221; sticky_enabled=&#8221;0&#8243;][\/et_pb_gallery][\/et_pb_column][\/et_pb_row][\/et_pb_section]<\/p>\n","protected":false},"excerpt":{"rendered":"<p>Poslije dvogodi\u0161nje pauze, izazvane pandemijskim i organizacijskim problemima, odr\u017ean je Dan Slavonskih planinara, 70. po redu. Brojka je to proiza\u0161la iz sumiranja svih sletova, dana i susreta koji su u osnovi imali isti karakter: godi\u0161nje okupljanje planinara s podru\u010dja Slavonije u \u0161irem smislu. Prvo je odr\u017eano davne 1930., u organizaciji po\u017ee\u0161kih planinara, a od 2015. [&hellip;]<\/p>\n","protected":false},"author":1,"featured_media":93,"comment_status":"closed","ping_status":"open","sticky":false,"template":"","format":"standard","meta":{"_et_pb_use_builder":"on","_et_pb_old_content":"","_et_gb_content_width":"1080","footnotes":""},"categories":[37],"tags":[],"class_list":["post-82","post","type-post","status-publish","format-standard","has-post-thumbnail","hentry","category-37"],"_links":{"self":[{"href":"https:\/\/www.slavonski-planinari.hr\/arhiva\/wp-json\/wp\/v2\/posts\/82","targetHints":{"allow":["GET"]}}],"collection":[{"href":"https:\/\/www.slavonski-planinari.hr\/arhiva\/wp-json\/wp\/v2\/posts"}],"about":[{"href":"https:\/\/www.slavonski-planinari.hr\/arhiva\/wp-json\/wp\/v2\/types\/post"}],"author":[{"embeddable":true,"href":"https:\/\/www.slavonski-planinari.hr\/arhiva\/wp-json\/wp\/v2\/users\/1"}],"replies":[{"embeddable":true,"href":"https:\/\/www.slavonski-planinari.hr\/arhiva\/wp-json\/wp\/v2\/comments?post=82"}],"version-history":[{"count":0,"href":"https:\/\/www.slavonski-planinari.hr\/arhiva\/wp-json\/wp\/v2\/posts\/82\/revisions"}],"wp:featuredmedia":[{"embeddable":true,"href":"https:\/\/www.slavonski-planinari.hr\/arhiva\/wp-json\/wp\/v2\/media\/93"}],"wp:attachment":[{"href":"https:\/\/www.slavonski-planinari.hr\/arhiva\/wp-json\/wp\/v2\/media?parent=82"}],"wp:term":[{"taxonomy":"category","embeddable":true,"href":"https:\/\/www.slavonski-planinari.hr\/arhiva\/wp-json\/wp\/v2\/categories?post=82"},{"taxonomy":"post_tag","embeddable":true,"href":"https:\/\/www.slavonski-planinari.hr\/arhiva\/wp-json\/wp\/v2\/tags?post=82"}],"curies":[{"name":"wp","href":"https:\/\/api.w.org\/{rel}","templated":true}]}}