{"id":6025,"date":"2022-11-16T13:49:00","date_gmt":"2022-11-16T12:49:00","guid":{"rendered":"https:\/\/www.slavonski-planinari.hr\/arhiva\/?p=6025"},"modified":"2023-02-15T13:50:34","modified_gmt":"2023-02-15T12:50:34","slug":"22-memorijalni-pohod-na-andinu-baraku","status":"publish","type":"post","link":"https:\/\/www.slavonski-planinari.hr\/arhiva\/22-memorijalni-pohod-na-andinu-baraku\/","title":{"rendered":"22. memorijalni pohod na &#8220;An\u0111inu baraku&#8221;"},"content":{"rendered":"<p>[et_pb_section fb_built=&#8221;1&#8243; theme_builder_area=&#8221;post_content&#8221; _builder_version=&#8221;4.19.5&#8243; _module_preset=&#8221;default&#8221;][et_pb_row _builder_version=&#8221;4.19.5&#8243; _module_preset=&#8221;default&#8221; theme_builder_area=&#8221;post_content&#8221;][et_pb_column _builder_version=&#8221;4.19.5&#8243; _module_preset=&#8221;default&#8221; type=&#8221;4_4&#8243; theme_builder_area=&#8221;post_content&#8221;][et_pb_text _builder_version=&#8221;4.19.5&#8243; _module_preset=&#8221;default&#8221; theme_builder_area=&#8221;post_content&#8221; hover_enabled=&#8221;0&#8243; sticky_enabled=&#8221;0&#8243;]<\/p>\n<p><img loading=\"lazy\" decoding=\"async\" src=\"https:\/\/www.slavonski-planinari.hr\/arhiva\/wp-content\/uploads\/2023\/02\/andjina-baraka-2022.jpg\" width=\"800\" height=\"600\" alt=\"\" class=\"wp-image-6027 aligncenter size-full\" srcset=\"https:\/\/www.slavonski-planinari.hr\/arhiva\/wp-content\/uploads\/2023\/02\/andjina-baraka-2022.jpg 800w, https:\/\/www.slavonski-planinari.hr\/arhiva\/wp-content\/uploads\/2023\/02\/andjina-baraka-2022-480x360.jpg 480w\" sizes=\"(min-width: 0px) and (max-width: 480px) 480px, (min-width: 481px) 800px, 100vw\" \/><\/p>\n<p>Po\u0161tovani prijatelji,\u00a0<\/p>\n<p style=\"text-align: center;\"><em><strong>POZIVAMO VAS NA:<br \/>22. MEMORIJALNI POHOD NA &#8220;AN\u0110INU BARAKU&#8221;<br \/>u spomen poginulim hrvatskim braniteljima<\/strong><\/em><\/p>\n<p>&nbsp;<\/p>\n<p>Pohod \u0107e biti odr\u017ean\u00a0<strong>27. studenog 2022.<\/strong><span>\u00a0<\/span>godine. Okupljanje je ispred crkve Sv. Augustina u Velikoj od 8.30 h, a polazak na stazu je u 9.15 h.<\/p>\n<p>Kod spomenika na An\u0111inoj baraci (o\u010dekivano oko 12.00h) odr\u017eati \u0107emo kratku molitvu i zapaliti svije\u0107e kako bi odali du\u017eno po\u0161tovanje poginulim braniteljima.<\/p>\n<p>Za sve sudionike \u0107e biti osigurana zakuska (tradicionalni kruh i mast) te topli \u010daj i kuhano vino kod pl. ku\u0107e Jezerce na Nevolja\u0161u.<\/p>\n<p>Povratak u Veliku planiran je do 16.00 h.<\/p>\n<p>Za sve dodatne informacije zovite nas na:<br \/>091\/395 9504 ( Leonardo Perinovi\u0107 )<br \/>099\/194 1686 ( Tomislav \u0160ebalj )<\/p>\n<p>Radujemo se Va\u0161em dolasku !!!<\/p>\n<p style=\"text-align: right;\">PD &#8220;Mali\u0161\u0107ak&#8221;<\/p>\n<p>[\/et_pb_text][\/et_pb_column][\/et_pb_row][\/et_pb_section]<\/p>\n","protected":false},"excerpt":{"rendered":"<p>Po\u0161tovani prijatelji,\u00a0 POZIVAMO VAS NA:22. MEMORIJALNI POHOD NA &#8220;AN\u0110INU BARAKU&#8221;u spomen poginulim hrvatskim braniteljima &nbsp; Pohod \u0107e biti odr\u017ean\u00a027. studenog 2022.\u00a0godine. Okupljanje je ispred crkve Sv. Augustina u Velikoj od 8.30 h, a polazak na stazu je u 9.15 h. Kod spomenika na An\u0111inoj baraci (o\u010dekivano oko 12.00h) odr\u017eati \u0107emo kratku molitvu i zapaliti svije\u0107e [&hellip;]<\/p>\n","protected":false},"author":1,"featured_media":0,"comment_status":"closed","ping_status":"open","sticky":false,"template":"","format":"standard","meta":{"_et_pb_use_builder":"on","_et_pb_old_content":"","_et_gb_content_width":"1080","footnotes":""},"categories":[37],"tags":[],"class_list":["post-6025","post","type-post","status-publish","format-standard","hentry","category-37"],"_links":{"self":[{"href":"https:\/\/www.slavonski-planinari.hr\/arhiva\/wp-json\/wp\/v2\/posts\/6025","targetHints":{"allow":["GET"]}}],"collection":[{"href":"https:\/\/www.slavonski-planinari.hr\/arhiva\/wp-json\/wp\/v2\/posts"}],"about":[{"href":"https:\/\/www.slavonski-planinari.hr\/arhiva\/wp-json\/wp\/v2\/types\/post"}],"author":[{"embeddable":true,"href":"https:\/\/www.slavonski-planinari.hr\/arhiva\/wp-json\/wp\/v2\/users\/1"}],"replies":[{"embeddable":true,"href":"https:\/\/www.slavonski-planinari.hr\/arhiva\/wp-json\/wp\/v2\/comments?post=6025"}],"version-history":[{"count":0,"href":"https:\/\/www.slavonski-planinari.hr\/arhiva\/wp-json\/wp\/v2\/posts\/6025\/revisions"}],"wp:attachment":[{"href":"https:\/\/www.slavonski-planinari.hr\/arhiva\/wp-json\/wp\/v2\/media?parent=6025"}],"wp:term":[{"taxonomy":"category","embeddable":true,"href":"https:\/\/www.slavonski-planinari.hr\/arhiva\/wp-json\/wp\/v2\/categories?post=6025"},{"taxonomy":"post_tag","embeddable":true,"href":"https:\/\/www.slavonski-planinari.hr\/arhiva\/wp-json\/wp\/v2\/tags?post=6025"}],"curies":[{"name":"wp","href":"https:\/\/api.w.org\/{rel}","templated":true}]}}