{"id":5967,"date":"2022-11-08T13:33:00","date_gmt":"2022-11-08T12:33:00","guid":{"rendered":"https:\/\/www.slavonski-planinari.hr\/arhiva\/?p=5967"},"modified":"2023-02-15T13:35:27","modified_gmt":"2023-02-15T12:35:27","slug":"antun-zlatko-loncaric-lonac-16-5-1946-3-11-2022","status":"publish","type":"post","link":"https:\/\/www.slavonski-planinari.hr\/arhiva\/antun-zlatko-loncaric-lonac-16-5-1946-3-11-2022\/","title":{"rendered":"ANTUN ZLATKO LON\u010cARI\u0106 \u2013 Lonac 16.5.1946. &#8211; 3.11.2022."},"content":{"rendered":"<p>[et_pb_section fb_built=&#8221;1&#8243; theme_builder_area=&#8221;post_content&#8221; _builder_version=&#8221;4.19.5&#8243; _module_preset=&#8221;default&#8221;][et_pb_row _builder_version=&#8221;4.19.5&#8243; _module_preset=&#8221;default&#8221; theme_builder_area=&#8221;post_content&#8221;][et_pb_column _builder_version=&#8221;4.19.5&#8243; _module_preset=&#8221;default&#8221; type=&#8221;4_4&#8243; theme_builder_area=&#8221;post_content&#8221;][et_pb_text _builder_version=&#8221;4.19.5&#8243; _module_preset=&#8221;default&#8221; theme_builder_area=&#8221;post_content&#8221; hover_enabled=&#8221;0&#8243; sticky_enabled=&#8221;0&#8243;]<\/p>\n<p style=\"text-align: justify;\"><img loading=\"lazy\" decoding=\"async\" src=\"https:\/\/www.slavonski-planinari.hr\/arhiva\/wp-content\/uploads\/2023\/02\/antun-zlatko-loncaric.jpg\" width=\"800\" height=\"423\" alt=\"\" class=\"wp-image-5969 aligncenter size-full\" srcset=\"https:\/\/www.slavonski-planinari.hr\/arhiva\/wp-content\/uploads\/2023\/02\/antun-zlatko-loncaric.jpg 800w, https:\/\/www.slavonski-planinari.hr\/arhiva\/wp-content\/uploads\/2023\/02\/antun-zlatko-loncaric-480x254.jpg 480w\" sizes=\"(min-width: 0px) and (max-width: 480px) 480px, (min-width: 481px) 800px, 100vw\" \/><\/p>\n<p style=\"text-align: justify;\">\n<p style=\"text-align: justify;\">Jo\u0161 po\u010detkom 60tih godina pro\u0161log stolje\u0107a, Lonac je po\u010deo planinariti u PD &#8220;Jankovac&#8221; i tada u\u010dio i nau\u010dio sve va\u017eno o planinarstvu: orijentaciju, planinarsko skijanje, vo\u0111enje izleta, o predavanjima i educiranju mla\u0111ih &#8230; Organizator je i suorganizator brojnih planinarskih izleta, od manjih do najslo\u017eenijih. Spomenimo samo da je u Gr\u010dku, na otok Kretu, u najdu\u017ei i najdublji kanjon u Europi, planinare vodio preko 20 puta.<\/p>\n<p style=\"text-align: justify;\">1971. se priklju\u010duje inicijativi skupine planinara za osnivanje PD &#8220;Zanatlija&#8221;. Bio je\u00a0tajnik dru\u0161tva, delegat i tajnik Planinarskog odbora Slavonije a donedavno i \u010dlan Komisije za priznanja udruge Slavonski planinari.<\/p>\n<p style=\"text-align: justify;\">U \u201cGlasu Slavonije\u201c vodio je tjednu planinarsku rubriku.<\/p>\n<p style=\"text-align: justify;\">Sudjeluje i poma\u017ee kod osnivanja PD &#8220;Grafi\u010dar&#8221; i PD &#8220;PTT&#8221; Osijek. Kao djelatnik Hrvatskih \u0161uma, priklju\u010duje se grupi planinara zaposlenika Hrvatskih \u0161uma iz cijele Hrvatske pri osnivaju PD &#8220;\u0160umar&#8221; sa sjedi\u0161tem u Zagrebu a kasnije osniva Podru\u017enicu &#8220;\u0160umar&#8221;-a u Osijeku.<\/p>\n<p style=\"text-align: justify;\">Kada se Slavonijom po\u010dela \u0161iriti mre\u017ea Planinarskih sekcija &#8220;Svetog Bernarda&#8221;, bio je me\u0111u inicijatorima, osniva\u010dima i organizatorima prvih izleta, pohoda i planinarsko hodo\u010dasni\u010dkih putovanja.<\/p>\n<p style=\"text-align: justify;\">Dugogodi\u0161nji je \u010dlan Foto kluba Osijek i nikuda nije i\u0161ao bez foto aparata. Iza sebe ostavlja brojne fotografije, koje \u0107e narednim generacijama svjedo\u010diti planinarsku pro\u0161lost Osijeka i Slavonije.<\/p>\n<p style=\"text-align: justify;\">Za sve \u0161to je u\u010dinio za planinarstvo op\u0107enito, za planinarska dru\u0161tva kojih je bio \u010dlan, te slavonsko i hrvatsko planinarstvo, primio je slijede\u0107a priznanja:<\/p>\n<ul style=\"text-align: justify;\">\n<li>bron\u010dani, srebrni, i zlatni znak HPS<\/li>\n<li>priznanje &#8220;\u0110uro Pilar&#8221; udruge Slavonski planinari<\/li>\n<li>bron\u010dani znak s hrastovim listom i Povelju po\u010dasnog \u010dlana PD &#8220;Zanatlija&#8221; Osijek<\/li>\n<\/ul>\n<p style=\"text-align: justify;\">Kro\u010di dalje gorama i \u0161umama nebeskim&#8230;<\/p>\n<p style=\"text-align: justify;\">Hvala ti za sve, \u017eivjet \u0107e\u0161 vje\u010dno u na\u017eim srcima&#8230;<\/p>\n<p style=\"text-align: justify;\">Po\u010divao u miru Bo\u017ejem !<\/p>\n<p style=\"text-align: justify;\">Posljednji ispra\u0107aj \u0107e se odr\u017eati u srijedu, 9.11.2022., u 12:20 sati na Centralnom groblju u Osijeku.<\/p>\n<p>[\/et_pb_text][\/et_pb_column][\/et_pb_row][\/et_pb_section]<\/p>\n","protected":false},"excerpt":{"rendered":"<p>Jo\u0161 po\u010detkom 60tih godina pro\u0161log stolje\u0107a, Lonac je po\u010deo planinariti u PD &#8220;Jankovac&#8221; i tada u\u010dio i nau\u010dio sve va\u017eno o planinarstvu: orijentaciju, planinarsko skijanje, vo\u0111enje izleta, o predavanjima i educiranju mla\u0111ih &#8230; Organizator je i suorganizator brojnih planinarskih izleta, od manjih do najslo\u017eenijih. Spomenimo samo da je u Gr\u010dku, na otok Kretu, u najdu\u017ei [&hellip;]<\/p>\n","protected":false},"author":1,"featured_media":0,"comment_status":"closed","ping_status":"open","sticky":false,"template":"","format":"standard","meta":{"_et_pb_use_builder":"on","_et_pb_old_content":"","_et_gb_content_width":"1080","footnotes":""},"categories":[37],"tags":[],"class_list":["post-5967","post","type-post","status-publish","format-standard","hentry","category-37"],"_links":{"self":[{"href":"https:\/\/www.slavonski-planinari.hr\/arhiva\/wp-json\/wp\/v2\/posts\/5967","targetHints":{"allow":["GET"]}}],"collection":[{"href":"https:\/\/www.slavonski-planinari.hr\/arhiva\/wp-json\/wp\/v2\/posts"}],"about":[{"href":"https:\/\/www.slavonski-planinari.hr\/arhiva\/wp-json\/wp\/v2\/types\/post"}],"author":[{"embeddable":true,"href":"https:\/\/www.slavonski-planinari.hr\/arhiva\/wp-json\/wp\/v2\/users\/1"}],"replies":[{"embeddable":true,"href":"https:\/\/www.slavonski-planinari.hr\/arhiva\/wp-json\/wp\/v2\/comments?post=5967"}],"version-history":[{"count":0,"href":"https:\/\/www.slavonski-planinari.hr\/arhiva\/wp-json\/wp\/v2\/posts\/5967\/revisions"}],"wp:attachment":[{"href":"https:\/\/www.slavonski-planinari.hr\/arhiva\/wp-json\/wp\/v2\/media?parent=5967"}],"wp:term":[{"taxonomy":"category","embeddable":true,"href":"https:\/\/www.slavonski-planinari.hr\/arhiva\/wp-json\/wp\/v2\/categories?post=5967"},{"taxonomy":"post_tag","embeddable":true,"href":"https:\/\/www.slavonski-planinari.hr\/arhiva\/wp-json\/wp\/v2\/tags?post=5967"}],"curies":[{"name":"wp","href":"https:\/\/api.w.org\/{rel}","templated":true}]}}