{"id":5963,"date":"2022-11-08T13:11:00","date_gmt":"2022-11-08T12:11:00","guid":{"rendered":"https:\/\/www.slavonski-planinari.hr\/arhiva\/?p=5963"},"modified":"2023-02-15T13:15:06","modified_gmt":"2023-02-15T12:15:06","slug":"tradicionalni-26-memorijalni-planinarski-pohod-fokinom-stazom-1991","status":"publish","type":"post","link":"https:\/\/www.slavonski-planinari.hr\/arhiva\/tradicionalni-26-memorijalni-planinarski-pohod-fokinom-stazom-1991\/","title":{"rendered":"Tradicionalni 26. memorijalni planinarski pohod FOKINOM STAZOM 1991."},"content":{"rendered":"<p>[et_pb_section fb_built=&#8221;1&#8243; theme_builder_area=&#8221;post_content&#8221; _builder_version=&#8221;4.19.5&#8243; _module_preset=&#8221;default&#8221;][et_pb_row _builder_version=&#8221;4.19.5&#8243; _module_preset=&#8221;default&#8221; theme_builder_area=&#8221;post_content&#8221;][et_pb_column _builder_version=&#8221;4.19.5&#8243; _module_preset=&#8221;default&#8221; type=&#8221;4_4&#8243; theme_builder_area=&#8221;post_content&#8221;][et_pb_text _builder_version=&#8221;4.19.5&#8243; _module_preset=&#8221;default&#8221; theme_builder_area=&#8221;post_content&#8221; hover_enabled=&#8221;0&#8243; sticky_enabled=&#8221;0&#8243;]<\/p>\n<p><img loading=\"lazy\" decoding=\"async\" src=\"https:\/\/www.slavonski-planinari.hr\/arhiva\/wp-content\/uploads\/2023\/02\/fokina-staza-2022.jpg\" width=\"480\" height=\"679\" alt=\"\" class=\"wp-image-5965 aligncenter size-full\" srcset=\"https:\/\/www.slavonski-planinari.hr\/arhiva\/wp-content\/uploads\/2023\/02\/fokina-staza-2022.jpg 480w, https:\/\/www.slavonski-planinari.hr\/arhiva\/wp-content\/uploads\/2023\/02\/fokina-staza-2022-212x300.jpg 212w\" sizes=\"(max-width: 480px) 100vw, 480px\" \/><\/p>\n<p>&nbsp;<\/p>\n<p style=\"text-align: center;\"><strong>POZIV NA<\/strong><br \/><strong>26. MEMORIJALNI PLANINARSKI POHOD\u00a0<\/strong><br \/><strong>FOKINOM STAZOM 1991.<\/strong><\/p>\n<p style=\"text-align: justify;\">Tradicionalni 26. memorijalni planinarski pohod<span>\u00a0<\/span><strong>FOKINOM STAZOM 1991.,\u00a0<\/strong>organiziramo<span>\u00a0<\/span><strong>u subotu, 17. prosinca 2022. godine.<\/strong><span>\u00a0<\/span>Pohod se odr\u017eava u znak sje\u0107anja na Domovinski rat i pogibije na\u0161ih branitelja \u2013 MARIJANA KULHAVOG FOKU, IVANA BEDEKOVI\u0106A, ANTU \u0106URI\u0106A, FRANJU GA\u0160PARA,\u00a0 DRA\u017dENA HUDECA, \u017dELJKA NOVOSELA I DARKA PERO\u0160A.<\/p>\n<p style=\"text-align: justify;\">Kao i ranijih godina, prije samog polaska na pohod, ujutro od 9 do 10 sati, sudionici mogu besplatno pogledati stalni postav<span>\u00a0<\/span><strong>Muzeja vojne i ratne\u00a0<\/strong><strong>povijesti (<a href=\"https:\/\/www.facebook.com\/mvrp.pakrac\">https:\/\/www.facebook.com\/mvrp.pakrac<\/a>)\u00a0<\/strong>koji je uspostavljen velikim trudom na\u0161eg pakra\u010dkog profesora<span>\u00a0<\/span><strong>Marija Tu\u0161eka<\/strong><span>\u00a0<\/span>i \u010dlanova Kluba ratni\u010dkih vje\u0161tina Pakrac. Muzej se nalazi na adresi Trg pape Ivana Pavla II br. 12, odmah do trga i mjesta okupljanja.<\/p>\n<p style=\"text-align: justify;\">Isto tako, ove godine, za sve sudionike pohoda biti \u0107e otvoren i<span>\u00a0<\/span><strong>Muzej grada Pakraca\u00a0<a href=\"http:\/\/www.muzej-pakrac.hr\/\">http:\/\/www.muzej-pakrac.hr\/.<\/a><\/strong><span>\u00a0<\/span>Muzej grada Pakraca nalazi se nasuprot mjesta okupljanja. Postav muzeja mo\u0107i \u0107e se razgledati besplatno.<\/p>\n<p style=\"text-align: justify;\">Prijava svih sudionika pohoda obavlja se odmah ujutro pri dolasku, na na\u0161em nazna\u010denome INFO pultu, na lokaciji okupljanja.<\/p>\n<p style=\"text-align: justify;\"><strong>Polazak na pohod je u 10 sati sa mjesta okupljanja na Trgu bana Josipa Jela\u010di\u0107a u Pakracu.<\/strong><\/p>\n<p style=\"text-align: justify;\">Iz Pakraca polazimo u organiziranoj koloni Strossmeirovom ulicom do KTC-a te Guduli\u0107evom i ulicom Svetog Roka do spomen\u2013obilje\u017eja na\u0161im braniteljima gdje \u0107emo polo\u017eiti vijence, zapaliti svije\u0107e i odati po\u010dast uz prisje\u0107anje na Domovinski rat.<\/p>\n<p style=\"text-align: justify;\">Kosom iznad sela Kraguj i preko planinarskog odmori\u0161ta Trome\u0111a uobi\u010dajenim markiranim planinarskim pravcima nastavit \u0107emo pje\u0161a\u010denje do planinarskog doma Omanovac do kojeg je o\u010dekivani dolazak oko 13.00 sati.<\/p>\n<p style=\"text-align: justify;\">Kod doma \u0107e biti pripremljen planinarski grah po cijeni od 30,00 kn.<br \/>U domu je planirana planinarska zabava uz \u017eivu muziku.<\/p>\n<p style=\"text-align: justify;\">U propagandnoj ponudi na\u0161eg dru\u0161tva ove godine planiramo imati prigodne promotivne materijale, dnevnik Fokine planinarske obilaznice, dnevnik planinarske obilaznice Planinarski put Psunjem, druge dnevnike planinarskih obilaznica, kartu Psunja u izdanju Hrvatske gorske slu\u017ebe spa\u0161avanja (HGSS).<\/p>\n<p style=\"text-align: justify;\"><strong>Organizirani pje\u0161a\u010dki povratak u Pakrac je u 16 sati, a okupljanje je kod putokaznog stupa postavljenog uz veliku livadu kod planinarskog doma Omanovac.<\/strong><\/p>\n<p style=\"text-align: justify;\">Za planinarski pohod obucite se primjereno vremenskim prilikama i vlastitim potrebama. Pohodu pristupate na svoju odgovornost uz po\u0161tivanje pravila sigurnog boravka u planinama i treba slu\u0161ati upute vodi\u010da.<\/p>\n<p style=\"text-align: justify;\">Zbog bolje organizacije pohoda najavite nam najkasnije do srijede, 14. prosinca 2022. g. svoj dolazak sa ukupnim brojem va\u0161ih sudionika.<\/p>\n<p>Na\u0161i kontakti su:<br \/>Slavko (vodi\u010d pohoda), 098 311 426,<span>\u00a0<\/span><span id=\"cloak1d7ff0bfd7f330e0cd96f803458c0dc7\"><a href=\"mailto:slavekhab@gmail.com\">slavekhab@gmail.com<\/a><\/span><br \/>Stevo, 098 482 875,<span>\u00a0<\/span><span id=\"cloak483875ce2df2e0bd658ab6d04f6f60c0\"><a href=\"mailto:nagy.stevo@gmail.com\">nagy.stevo@gmail.com<\/a><\/span><br \/>ili nam se javite na gore navedenu dru\u0161tvenu mail adresu.<\/p>\n<p>Radujemo se Va\u0161em dolasku.<\/p>\n<p style=\"text-align: right;\">Predsjednik<br \/>PD \u201cPsunj\u201c,Pakrac<br \/>Zoran Milakovi\u0107<\/p>\n<p>[\/et_pb_text][\/et_pb_column][\/et_pb_row][\/et_pb_section]<\/p>\n","protected":false},"excerpt":{"rendered":"<p>&nbsp; POZIV NA26. MEMORIJALNI PLANINARSKI POHOD\u00a0FOKINOM STAZOM 1991. Tradicionalni 26. memorijalni planinarski pohod\u00a0FOKINOM STAZOM 1991.,\u00a0organiziramo\u00a0u subotu, 17. prosinca 2022. godine.\u00a0Pohod se odr\u017eava u znak sje\u0107anja na Domovinski rat i pogibije na\u0161ih branitelja \u2013 MARIJANA KULHAVOG FOKU, IVANA BEDEKOVI\u0106A, ANTU \u0106URI\u0106A, FRANJU GA\u0160PARA,\u00a0 DRA\u017dENA HUDECA, \u017dELJKA NOVOSELA I DARKA PERO\u0160A. Kao i ranijih godina, prije samog [&hellip;]<\/p>\n","protected":false},"author":1,"featured_media":0,"comment_status":"closed","ping_status":"open","sticky":false,"template":"","format":"standard","meta":{"_et_pb_use_builder":"on","_et_pb_old_content":"","_et_gb_content_width":"1080","footnotes":""},"categories":[37],"tags":[],"class_list":["post-5963","post","type-post","status-publish","format-standard","hentry","category-37"],"_links":{"self":[{"href":"https:\/\/www.slavonski-planinari.hr\/arhiva\/wp-json\/wp\/v2\/posts\/5963","targetHints":{"allow":["GET"]}}],"collection":[{"href":"https:\/\/www.slavonski-planinari.hr\/arhiva\/wp-json\/wp\/v2\/posts"}],"about":[{"href":"https:\/\/www.slavonski-planinari.hr\/arhiva\/wp-json\/wp\/v2\/types\/post"}],"author":[{"embeddable":true,"href":"https:\/\/www.slavonski-planinari.hr\/arhiva\/wp-json\/wp\/v2\/users\/1"}],"replies":[{"embeddable":true,"href":"https:\/\/www.slavonski-planinari.hr\/arhiva\/wp-json\/wp\/v2\/comments?post=5963"}],"version-history":[{"count":0,"href":"https:\/\/www.slavonski-planinari.hr\/arhiva\/wp-json\/wp\/v2\/posts\/5963\/revisions"}],"wp:attachment":[{"href":"https:\/\/www.slavonski-planinari.hr\/arhiva\/wp-json\/wp\/v2\/media?parent=5963"}],"wp:term":[{"taxonomy":"category","embeddable":true,"href":"https:\/\/www.slavonski-planinari.hr\/arhiva\/wp-json\/wp\/v2\/categories?post=5963"},{"taxonomy":"post_tag","embeddable":true,"href":"https:\/\/www.slavonski-planinari.hr\/arhiva\/wp-json\/wp\/v2\/tags?post=5963"}],"curies":[{"name":"wp","href":"https:\/\/api.w.org\/{rel}","templated":true}]}}