{"id":5925,"date":"2022-10-11T12:46:00","date_gmt":"2022-10-11T11:46:00","guid":{"rendered":"https:\/\/www.slavonski-planinari.hr\/arhiva\/?p=5925"},"modified":"2023-02-15T12:49:23","modified_gmt":"2023-02-15T11:49:23","slug":"2-memorijalni-pohod-od-premuzica-do-stampara-2","status":"publish","type":"post","link":"https:\/\/www.slavonski-planinari.hr\/arhiva\/2-memorijalni-pohod-od-premuzica-do-stampara-2\/","title":{"rendered":"2. Memorijalni pohod: Od Premu\u017ei\u0107a do \u0160tampara"},"content":{"rendered":"<p>[et_pb_section fb_built=&#8221;1&#8243; theme_builder_area=&#8221;post_content&#8221; _builder_version=&#8221;4.19.5&#8243; _module_preset=&#8221;default&#8221;][et_pb_row _builder_version=&#8221;4.19.5&#8243; _module_preset=&#8221;default&#8221; theme_builder_area=&#8221;post_content&#8221;][et_pb_column _builder_version=&#8221;4.19.5&#8243; _module_preset=&#8221;default&#8221; type=&#8221;4_4&#8243; theme_builder_area=&#8221;post_content&#8221;][et_pb_text _builder_version=&#8221;4.19.5&#8243; _module_preset=&#8221;default&#8221; theme_builder_area=&#8221;post_content&#8221; hover_enabled=&#8221;0&#8243; sticky_enabled=&#8221;0&#8243;]<\/p>\n<p style=\"text-align: justify;\">Ove godine po drugi puta u Slavonskom Koba\u0161u i Oriovcu odr\u017ean je Memorijalni pohod: Od Premu\u017ei\u0107a do \u0160tampara. Ova hvale vrijedna planinarska manifestacija odr\u017eava se u spomen na hrvatske velikane Antu Premu\u017ei\u0107a (ro\u0111enog u Slavonskom Koba\u0161u) i Andriju \u0160tampara (ro\u0111enog u Brodskom Drenovcu), a organizator je HPD Gojzerica \u2013 Podru\u017enica Oriovac. Oba velikana vezana su za op\u0107inu Oriovac i bli\u017eu okolicu, a svojim radom i djelovanjem ostavili su veliki trag u Hrvatskoj i \u0161ire. Ante Premu\u017ei\u0107 bio je veliki graditelj te je najpoznatiji po izgradnji svima poznate &#8221;Premu\u017ei\u0107eve staze&#8221; na Velebitu, dok je Andrija \u0160tampar postao svjetski poznati zdravstveni djelatnik iz \u010dijeg ud\u017ebenika su u\u010dili Kinezi, Amerikanci, Indijci, \u0160vicarci, Nijemci, Rusi i drugi poznati narodi. Manifestacija je zapo\u010dela u 7:30 sati u lova\u010dkom domu u centru Slavonskog Koba\u0161a, gdje su doma\u0107ini do\u010dekali i ugostili uzvanike. Nakon toga pje\u0161ice su obi\u0161li rodnu ku\u0107u Ante Premu\u017ei\u0107a, gdje im je profesorica Kristina Niki\u010di\u0107 odr\u017eala pou\u010dno predavanje o hrvatskom velikanu. Nakon njenog predavanja nastavili su sa sje\u0107anjima na pro\u0161la vremena i okolnosti u kojima se nekad \u017eivjelo. Ubrzo su sjeli u autobus i odvezli se do Oriovca, gdje ih je \u010dekao ostatak programa. U centru Oriovca kod vatrogasnog doma planinarima su se obratili: Karlo Tomljenovi\u0107 (op\u0107inski vije\u0107nik \u2013 organizator), Zoran Ivezi\u0107 (voditelj Podru\u017enice Oriovac), Antun Paveti\u0107 (na\u010delnik op\u0107ine Oriovac), Matija Jo\u0161i\u0107 (predsjednik op\u0107inskog vije\u0107a) i Igor Na\u0111 (predsjednik HPD Cibalija Vinkovci i predstavnik Slavonskih planinara). Tijekom okupljanja planinara poslu\u017een je tradicionalni planinarski doru\u010dak i organiziran je zanimljiv obilazak vatrogasnog muzeja na katu zgrade. Prije polaska na stazu napravljena je zajedni\u010dka fotografija te je odana po\u010dast poginulim hrvatskim braniteljima, kao i poznatim Oriov\u010danima. Staza je bila dobro markirana za \u0161to su najvi\u0161e zaslu\u017eni markacisti Ante Bo\u0161njak i Ivan Miljanovi\u0107 te doma\u0107e snage pod vodstvom Miroslava Meduni\u0107a. Po dolasku na Kasonjski vrh (352 mnv), grupa se odmorila, okrijepila i napravila jo\u0161 jednu zajedni\u010dku fotografiju za pam\u0107enje. Nakon toga po\u010delo je spu\u0161tanje prema Brodskom Drenovcu i ostacima rodne ku\u0107e Andrije \u0160tampara. Po dolasku u centar Brodskog Drenovca planinari su obi\u0161li jedini preostali &#8221;\u0160tamparov bunar&#8221;, te podru\u010dnu \u0161kolu koja nosi njegovo ime. Prije polaska natrag prema Oriovcu napravljena je i posljednja fotografija, na mjestu gdje uskoro treba ni\u0107i Memorijalni centar posve\u0107en liku i djelu Andrije \u0160tampara. Jedan dio ekipe odlu\u010dio se vratiti autobusom, dok se ve\u0107ina uputila natrag pje\u0161ice. Povratak je pro\u0161ao u ugodnom raspolo\u017eenju i razmjeni pozitivnih dojmova, a po dolasku u Oriovac do\u010dekao ih je \u0161ator s toplim grahom i pi\u0107em za okrijepu umornih planinara. Ubrzo su podijeljene zahvalnice svim nazo\u010dnim dru\u0161tvima i udrugama zaslu\u017enim za organizaciju ove planinarske manifestacije. Nastavilo se veselim dru\u017eenjem uz tambura\u0161ku glazbu i ugodno \u0107askanje te obilaskom dobro opremljenih \u0161tandova doma\u0107ih OPG-ova. Kao i uvijek svemu lijepome do\u0111e kraj, pa je uskoro do\u0161lo vrijeme rastanku. Ovaj rastanak nije bio tu\u017ean, zbog o\u010dekivanog ponovnog okupljanja na istom mjestu do godine.<\/p>\n<p style=\"text-align: right;\">HPD Gojzerica \u2013 Podru\u017enica Oriovac<\/p>\n<p>[\/et_pb_text][et_pb_gallery _builder_version=&#8221;4.19.5&#8243; _module_preset=&#8221;default&#8221; theme_builder_area=&#8221;post_content&#8221; gallery_ids=&#8221;5927,5928,5929,5930,5931,5932,5933,5934,5935,5936&#8243; posts_number=&#8221;10&#8243; show_title_and_caption=&#8221;off&#8221; hover_enabled=&#8221;0&#8243; sticky_enabled=&#8221;0&#8243;][\/et_pb_gallery][\/et_pb_column][\/et_pb_row][\/et_pb_section]<\/p>\n","protected":false},"excerpt":{"rendered":"<p>Ove godine po drugi puta u Slavonskom Koba\u0161u i Oriovcu odr\u017ean je Memorijalni pohod: Od Premu\u017ei\u0107a do \u0160tampara. Ova hvale vrijedna planinarska manifestacija odr\u017eava se u spomen na hrvatske velikane Antu Premu\u017ei\u0107a (ro\u0111enog u Slavonskom Koba\u0161u) i Andriju \u0160tampara (ro\u0111enog u Brodskom Drenovcu), a organizator je HPD Gojzerica \u2013 Podru\u017enica Oriovac. Oba velikana vezana su [&hellip;]<\/p>\n","protected":false},"author":1,"featured_media":0,"comment_status":"closed","ping_status":"open","sticky":false,"template":"","format":"standard","meta":{"_et_pb_use_builder":"on","_et_pb_old_content":"","_et_gb_content_width":"1080","footnotes":""},"categories":[37],"tags":[],"class_list":["post-5925","post","type-post","status-publish","format-standard","hentry","category-37"],"_links":{"self":[{"href":"https:\/\/www.slavonski-planinari.hr\/arhiva\/wp-json\/wp\/v2\/posts\/5925","targetHints":{"allow":["GET"]}}],"collection":[{"href":"https:\/\/www.slavonski-planinari.hr\/arhiva\/wp-json\/wp\/v2\/posts"}],"about":[{"href":"https:\/\/www.slavonski-planinari.hr\/arhiva\/wp-json\/wp\/v2\/types\/post"}],"author":[{"embeddable":true,"href":"https:\/\/www.slavonski-planinari.hr\/arhiva\/wp-json\/wp\/v2\/users\/1"}],"replies":[{"embeddable":true,"href":"https:\/\/www.slavonski-planinari.hr\/arhiva\/wp-json\/wp\/v2\/comments?post=5925"}],"version-history":[{"count":0,"href":"https:\/\/www.slavonski-planinari.hr\/arhiva\/wp-json\/wp\/v2\/posts\/5925\/revisions"}],"wp:attachment":[{"href":"https:\/\/www.slavonski-planinari.hr\/arhiva\/wp-json\/wp\/v2\/media?parent=5925"}],"wp:term":[{"taxonomy":"category","embeddable":true,"href":"https:\/\/www.slavonski-planinari.hr\/arhiva\/wp-json\/wp\/v2\/categories?post=5925"},{"taxonomy":"post_tag","embeddable":true,"href":"https:\/\/www.slavonski-planinari.hr\/arhiva\/wp-json\/wp\/v2\/tags?post=5925"}],"curies":[{"name":"wp","href":"https:\/\/api.w.org\/{rel}","templated":true}]}}