{"id":5912,"date":"2022-10-10T12:43:00","date_gmt":"2022-10-10T11:43:00","guid":{"rendered":"https:\/\/www.slavonski-planinari.hr\/arhiva\/?p=5912"},"modified":"2023-02-15T12:51:05","modified_gmt":"2023-02-15T11:51:05","slug":"osjecki-pjesacki-put-02-10-2022-2","status":"publish","type":"post","link":"https:\/\/www.slavonski-planinari.hr\/arhiva\/osjecki-pjesacki-put-02-10-2022-2\/","title":{"rendered":"Osje\u010dki Pje\u0161a\u010dki Put; 02.10.2022."},"content":{"rendered":"<p>[et_pb_section fb_built=&#8221;1&#8243; theme_builder_area=&#8221;post_content&#8221; _builder_version=&#8221;4.19.5&#8243; _module_preset=&#8221;default&#8221;][et_pb_row _builder_version=&#8221;4.19.5&#8243; _module_preset=&#8221;default&#8221; theme_builder_area=&#8221;post_content&#8221;][et_pb_column _builder_version=&#8221;4.19.5&#8243; _module_preset=&#8221;default&#8221; type=&#8221;4_4&#8243; theme_builder_area=&#8221;post_content&#8221;][et_pb_text _builder_version=&#8221;4.19.5&#8243; _module_preset=&#8221;default&#8221; theme_builder_area=&#8221;post_content&#8221; hover_enabled=&#8221;0&#8243; sticky_enabled=&#8221;0&#8243;]<\/p>\n<p style=\"text-align: justify;\">I ove godine odr\u017ean je Osje\u010dki pje\u0161a\u010dki put u organizaciji na\u0161eg planinarskog dru\u0161tva gdje su nam se pridru\u017eili kako na\u0161i \u010dlanovi tako i \u010dlanovi nekoliko drugih planinarskih dru\u0161tava i gra\u0111ani grada Osijeka.<\/p>\n<p style=\"text-align: justify;\">Polazak oko 150 \u0161eta\u010da je bio u jutarnjim satima te sun\u010dane nedjelje sa prve kontrolne to\u010dke Trga Ante Star\u010devi\u0107a. Laganom \u0161etnjom kroz grad pod vodstvom vodi\u010da Muttera obilazile su se KT-e, a kojih je u sastavu OPP-a bilo 5 na kojima su nas do\u010dekali na\u0161i vodi\u010di sa okrijepom pi\u0107a i slatko-slanih proizvoda. Najvi\u0161e smo se zadr\u017eali na KT 2 u najstarijem dijelu grada osje\u010dkoj Tvr\u0111i gdje je predsjednik i vodi\u010d Miro Mutter \u017eivopisno prepri\u010davao dogodov\u0161tine iz pro\u0161losti vezane za taj dio grada. Dolaskom na Promenadu i prelaskom preko cestovnog mosta stigli smo na lijevu obalu rijeke Drave te kod ulaza na kupali\u0161te Copacabana pro\u0161li smo i 3. KT. Slijede\u0107a destinacija odnosno KT do\u010dekala nas je kod kompe i tada smo se vratili na desnu obalu gdje nam se pridru\u017eilo jo\u0161 nekoliko desetaka \u0161eta\u010da. Kroz \u0161umu uz Dravu i prekrasno vrijeme stigli smo na odredi\u0161te na 5. KT kod Udi\u010darskog doma u Josipovcu. Podijelile su se zna\u010dke za sudjelovanje onima koji su u svojim Dnevnicima OPP-a skupili svih 5 \u017eigova za prije\u0111eni put, te zahvalnice gostuju\u0107im dru\u0161tvima.<\/p>\n<p style=\"text-align: justify;\">Na veselje svih sudionika do\u010dekao nas je topli obrok, planinarski grah, pi\u0107e i nezaobilazna glazba na\u0161ih DJ-va. Kako je sunce zagrijavalo zrak tako se zagrijavala i atmosfera i nije nedostajalo dobrog raspolo\u017eenja i plesa do kasnog poslijepodneva. Bilo je i vi\u0161e nego uspje\u0161no i lijepo te je to dobra pozivnica i za slijede\u0107u godinu i novi OPP!<\/p>\n<p style=\"text-align: right;\">Tajnica<br \/>Lidija Ivandija<\/p>\n<p style=\"text-align: justify;\">Tekst i fotografije preuzeti sa stranica HPD &#8220;Br\u0161ljan-Jankovac&#8221;<\/p>\n<p>[\/et_pb_text][et_pb_gallery _builder_version=&#8221;4.19.5&#8243; _module_preset=&#8221;default&#8221; theme_builder_area=&#8221;post_content&#8221; gallery_ids=&#8221;5914,5915,5916,5917,5918,5919,5920,5921,5922,5923&#8243; posts_number=&#8221;10&#8243; show_title_and_caption=&#8221;off&#8221; hover_enabled=&#8221;0&#8243; sticky_enabled=&#8221;0&#8243;][\/et_pb_gallery][\/et_pb_column][\/et_pb_row][\/et_pb_section]<\/p>\n","protected":false},"excerpt":{"rendered":"<p>I ove godine odr\u017ean je Osje\u010dki pje\u0161a\u010dki put u organizaciji na\u0161eg planinarskog dru\u0161tva gdje su nam se pridru\u017eili kako na\u0161i \u010dlanovi tako i \u010dlanovi nekoliko drugih planinarskih dru\u0161tava i gra\u0111ani grada Osijeka. Polazak oko 150 \u0161eta\u010da je bio u jutarnjim satima te sun\u010dane nedjelje sa prve kontrolne to\u010dke Trga Ante Star\u010devi\u0107a. Laganom \u0161etnjom kroz grad [&hellip;]<\/p>\n","protected":false},"author":1,"featured_media":0,"comment_status":"closed","ping_status":"open","sticky":false,"template":"","format":"standard","meta":{"_et_pb_use_builder":"on","_et_pb_old_content":"","_et_gb_content_width":"1080","footnotes":""},"categories":[37],"tags":[],"class_list":["post-5912","post","type-post","status-publish","format-standard","hentry","category-37"],"_links":{"self":[{"href":"https:\/\/www.slavonski-planinari.hr\/arhiva\/wp-json\/wp\/v2\/posts\/5912","targetHints":{"allow":["GET"]}}],"collection":[{"href":"https:\/\/www.slavonski-planinari.hr\/arhiva\/wp-json\/wp\/v2\/posts"}],"about":[{"href":"https:\/\/www.slavonski-planinari.hr\/arhiva\/wp-json\/wp\/v2\/types\/post"}],"author":[{"embeddable":true,"href":"https:\/\/www.slavonski-planinari.hr\/arhiva\/wp-json\/wp\/v2\/users\/1"}],"replies":[{"embeddable":true,"href":"https:\/\/www.slavonski-planinari.hr\/arhiva\/wp-json\/wp\/v2\/comments?post=5912"}],"version-history":[{"count":0,"href":"https:\/\/www.slavonski-planinari.hr\/arhiva\/wp-json\/wp\/v2\/posts\/5912\/revisions"}],"wp:attachment":[{"href":"https:\/\/www.slavonski-planinari.hr\/arhiva\/wp-json\/wp\/v2\/media?parent=5912"}],"wp:term":[{"taxonomy":"category","embeddable":true,"href":"https:\/\/www.slavonski-planinari.hr\/arhiva\/wp-json\/wp\/v2\/categories?post=5912"},{"taxonomy":"post_tag","embeddable":true,"href":"https:\/\/www.slavonski-planinari.hr\/arhiva\/wp-json\/wp\/v2\/tags?post=5912"}],"curies":[{"name":"wp","href":"https:\/\/api.w.org\/{rel}","templated":true}]}}