{"id":5899,"date":"2022-10-04T12:39:00","date_gmt":"2022-10-04T11:39:00","guid":{"rendered":"https:\/\/www.slavonski-planinari.hr\/arhiva\/?p=5899"},"modified":"2023-02-15T12:42:43","modified_gmt":"2023-02-15T11:42:43","slug":"kroz-vinograde-i-sume-i-5-festival-frankovke","status":"publish","type":"post","link":"https:\/\/www.slavonski-planinari.hr\/arhiva\/kroz-vinograde-i-sume-i-5-festival-frankovke\/","title":{"rendered":"&#8220;Kroz vinograde i \u0161ume&#8221; i 5. festival Frankovke"},"content":{"rendered":"<p>[et_pb_section fb_built=&#8221;1&#8243; theme_builder_area=&#8221;post_content&#8221; _builder_version=&#8221;4.19.5&#8243; _module_preset=&#8221;default&#8221;][et_pb_row _builder_version=&#8221;4.19.5&#8243; _module_preset=&#8221;default&#8221; theme_builder_area=&#8221;post_content&#8221;][et_pb_column _builder_version=&#8221;4.19.5&#8243; _module_preset=&#8221;default&#8221; type=&#8221;4_4&#8243; theme_builder_area=&#8221;post_content&#8221;][et_pb_text _builder_version=&#8221;4.19.5&#8243; _module_preset=&#8221;default&#8221; theme_builder_area=&#8221;post_content&#8221; hover_enabled=&#8221;0&#8243; sticky_enabled=&#8221;0&#8243;]<\/p>\n<p style=\"text-align: justify;\">24.09.2022. odr\u017ean je 31. tradicionalni planinarski susret &#8220;Kroz vinograde i \u0161ume&#8221; na koji se odazvo 180 planinara iz 12 planinarskih dru\u0161tava.<\/p>\n<p style=\"text-align: justify;\">Nakon tradicionalnog planinarskog doru\u010dka, vodi\u010di su poveli planinare na dvije staze, kra\u0107u duljine 9 km i du\u017eu stazu duljine 13 km. Vrijeme je bilo ugodno i sun\u010dano, a hodalo se u dobrom dru\u0161tvu i veselju kroz zelenilo prekrasnih slavonskih \u0161uma i vinograda u kojima se tek nazire \u0161arenilo jeseni.<\/p>\n<p style=\"text-align: justify;\">Po povratku sa staza, planinari su se okupili u centru Feri\u010danaca gdje se odr\u017eavala manifestacija 5. &#8220;Festival frankovke&#8221;, a dru\u017eenje se nastavilo uz ponudu hrane i pi\u0107a te tambura\u0161e koji su uveseljavali goste. Vrhunac ve\u010deri bio je koncert grupe &#8220;Op\u0107a opasnost&#8221; koji je privukao velik broj posjetitelja, a dru\u017eenje je potrajalo do dugo u no\u0107.<\/p>\n<p style=\"text-align: justify;\">Hvala svima na odazivu sa \u017eeljom da se vidimo i sljede\u0107e godine u Feri\u010dancima.<\/p>\n<p style=\"text-align: right;\">Tekst i fotografije preuzeti sa stranica PD &#8220;Sokol&#8221;<\/p>\n<p>[\/et_pb_text][et_pb_gallery _builder_version=&#8221;4.19.5&#8243; _module_preset=&#8221;default&#8221; theme_builder_area=&#8221;post_content&#8221; gallery_ids=&#8221;5901,5902,5903,5904,5905,5906,5907,5908,5909,5910&#8243; posts_number=&#8221;10&#8243; show_title_and_caption=&#8221;off&#8221; hover_enabled=&#8221;0&#8243; sticky_enabled=&#8221;0&#8243;][\/et_pb_gallery][\/et_pb_column][\/et_pb_row][\/et_pb_section]<\/p>\n","protected":false},"excerpt":{"rendered":"<p>24.09.2022. odr\u017ean je 31. tradicionalni planinarski susret &#8220;Kroz vinograde i \u0161ume&#8221; na koji se odazvo 180 planinara iz 12 planinarskih dru\u0161tava. Nakon tradicionalnog planinarskog doru\u010dka, vodi\u010di su poveli planinare na dvije staze, kra\u0107u duljine 9 km i du\u017eu stazu duljine 13 km. Vrijeme je bilo ugodno i sun\u010dano, a hodalo se u dobrom dru\u0161tvu i [&hellip;]<\/p>\n","protected":false},"author":1,"featured_media":0,"comment_status":"closed","ping_status":"open","sticky":false,"template":"","format":"standard","meta":{"_et_pb_use_builder":"on","_et_pb_old_content":"","_et_gb_content_width":"1080","footnotes":""},"categories":[37],"tags":[],"class_list":["post-5899","post","type-post","status-publish","format-standard","hentry","category-37"],"_links":{"self":[{"href":"https:\/\/www.slavonski-planinari.hr\/arhiva\/wp-json\/wp\/v2\/posts\/5899","targetHints":{"allow":["GET"]}}],"collection":[{"href":"https:\/\/www.slavonski-planinari.hr\/arhiva\/wp-json\/wp\/v2\/posts"}],"about":[{"href":"https:\/\/www.slavonski-planinari.hr\/arhiva\/wp-json\/wp\/v2\/types\/post"}],"author":[{"embeddable":true,"href":"https:\/\/www.slavonski-planinari.hr\/arhiva\/wp-json\/wp\/v2\/users\/1"}],"replies":[{"embeddable":true,"href":"https:\/\/www.slavonski-planinari.hr\/arhiva\/wp-json\/wp\/v2\/comments?post=5899"}],"version-history":[{"count":0,"href":"https:\/\/www.slavonski-planinari.hr\/arhiva\/wp-json\/wp\/v2\/posts\/5899\/revisions"}],"wp:attachment":[{"href":"https:\/\/www.slavonski-planinari.hr\/arhiva\/wp-json\/wp\/v2\/media?parent=5899"}],"wp:term":[{"taxonomy":"category","embeddable":true,"href":"https:\/\/www.slavonski-planinari.hr\/arhiva\/wp-json\/wp\/v2\/categories?post=5899"},{"taxonomy":"post_tag","embeddable":true,"href":"https:\/\/www.slavonski-planinari.hr\/arhiva\/wp-json\/wp\/v2\/tags?post=5899"}],"curies":[{"name":"wp","href":"https:\/\/api.w.org\/{rel}","templated":true}]}}