{"id":5894,"date":"2022-10-04T12:36:00","date_gmt":"2022-10-04T11:36:00","guid":{"rendered":"https:\/\/www.slavonski-planinari.hr\/arhiva\/?p=5894"},"modified":"2023-02-15T12:38:48","modified_gmt":"2023-02-15T11:38:48","slug":"2-memorijalni-pohod-od-premuzica-do-stampara","status":"publish","type":"post","link":"https:\/\/www.slavonski-planinari.hr\/arhiva\/2-memorijalni-pohod-od-premuzica-do-stampara\/","title":{"rendered":"2. Memorijalni pohod: Od Premu\u017ei\u0107a do \u0160tampara"},"content":{"rendered":"<p>[et_pb_section fb_built=&#8221;1&#8243; theme_builder_area=&#8221;post_content&#8221; _builder_version=&#8221;4.19.5&#8243; _module_preset=&#8221;default&#8221;][et_pb_row _builder_version=&#8221;4.19.5&#8243; _module_preset=&#8221;default&#8221; theme_builder_area=&#8221;post_content&#8221;][et_pb_column _builder_version=&#8221;4.19.5&#8243; _module_preset=&#8221;default&#8221; type=&#8221;4_4&#8243; theme_builder_area=&#8221;post_content&#8221;][et_pb_text _builder_version=&#8221;4.19.5&#8243; _module_preset=&#8221;default&#8221; theme_builder_area=&#8221;post_content&#8221; hover_enabled=&#8221;0&#8243; sticky_enabled=&#8221;0&#8243;]<\/p>\n<p><img loading=\"lazy\" decoding=\"async\" src=\"https:\/\/www.slavonski-planinari.hr\/arhiva\/wp-content\/uploads\/2023\/02\/od-premuzica-do-stampara-724x1024.jpg\" width=\"724\" height=\"1024\" alt=\"\" class=\"wp-image-5897 aligncenter size-large\" srcset=\"https:\/\/www.slavonski-planinari.hr\/arhiva\/wp-content\/uploads\/2023\/02\/od-premuzica-do-stampara-724x1024.jpg 724w, https:\/\/www.slavonski-planinari.hr\/arhiva\/wp-content\/uploads\/2023\/02\/od-premuzica-do-stampara-480x679.jpg 480w\" sizes=\"(min-width: 0px) and (max-width: 480px) 480px, (min-width: 481px) 724px, 100vw\" \/><\/p>\n<p>9. listopada 2022. godine &#8211; 7:30 sati<\/p>\n<p>Ove godine po drugi puta obilje\u017eavamo lik i djelo dva hrvatska velikana, planinarskim pohodom: Od Premu\u017ei\u0107a do \u0160tampara.<\/p>\n<p>Okupljanje u 7:30 sati ispred Lova\u010dkog doma u Slavonskom Koba\u0161u, na adresi Josipa Kozarca 2. Potom kre\u0107e kratka \u0161etnja do rodne ku\u0107e A. Premu\u017ei\u0107a (500 m u jednom smjeru) i povratak vozilima do centra Oriovca, gdje od 9:00 sati po\u010dinju prijave dru\u0161tava. Nastavlja se s dru\u017eenjem uz tradicionalni planinarski doru\u010dak i topli \u010daj, a od 9:45 sati slijedi pozdravni govor, zajedni\u010dka fotografija i polazak na stazu:<br \/>\u27a2 Planinarskom stazom od Premu\u017ei\u0107a do \u0160tampara \u2013 Oriovac-Kasonjski vrh-B. Drenovac-Oriovac (obilazak \u0160tamparove rodne ku\u0107e) \u2013 du\u017eina staze 17 km (trajanje staze 5 sati). Za slabije hoda\u010de postoje\u0107a staza se skra\u0107uje na 7 km (trajanje staze 2,5 sati) te se s Kasonjskog vrha, preko Unke vra\u0107aju u Oriovac.<\/p>\n<p>Po povratku sa staze slijedi dru\u017eenje planinara u \u0161atoru ispred vatrogasnog doma, uz hranu, pi\u0107e i tambura\u0161e. Doma\u0107in je osigurao grah i pi\u0107e po popularnim cijenama. Nakon zajedni\u010dkog ru\u010dka slijedi dodjela zahvalnica i zatvaranje pohoda.<\/p>\n<p style=\"text-align: right;\">HPD GOJZERICA PODRU\u017dNICA ORIOVAC<\/p>\n<p>[\/et_pb_text][\/et_pb_column][\/et_pb_row][\/et_pb_section]<\/p>\n","protected":false},"excerpt":{"rendered":"<p>9. listopada 2022. godine &#8211; 7:30 sati Ove godine po drugi puta obilje\u017eavamo lik i djelo dva hrvatska velikana, planinarskim pohodom: Od Premu\u017ei\u0107a do \u0160tampara. Okupljanje u 7:30 sati ispred Lova\u010dkog doma u Slavonskom Koba\u0161u, na adresi Josipa Kozarca 2. Potom kre\u0107e kratka \u0161etnja do rodne ku\u0107e A. Premu\u017ei\u0107a (500 m u jednom smjeru) i [&hellip;]<\/p>\n","protected":false},"author":1,"featured_media":0,"comment_status":"closed","ping_status":"open","sticky":false,"template":"","format":"standard","meta":{"_et_pb_use_builder":"on","_et_pb_old_content":"","_et_gb_content_width":"1080","footnotes":""},"categories":[37],"tags":[],"class_list":["post-5894","post","type-post","status-publish","format-standard","hentry","category-37"],"_links":{"self":[{"href":"https:\/\/www.slavonski-planinari.hr\/arhiva\/wp-json\/wp\/v2\/posts\/5894","targetHints":{"allow":["GET"]}}],"collection":[{"href":"https:\/\/www.slavonski-planinari.hr\/arhiva\/wp-json\/wp\/v2\/posts"}],"about":[{"href":"https:\/\/www.slavonski-planinari.hr\/arhiva\/wp-json\/wp\/v2\/types\/post"}],"author":[{"embeddable":true,"href":"https:\/\/www.slavonski-planinari.hr\/arhiva\/wp-json\/wp\/v2\/users\/1"}],"replies":[{"embeddable":true,"href":"https:\/\/www.slavonski-planinari.hr\/arhiva\/wp-json\/wp\/v2\/comments?post=5894"}],"version-history":[{"count":0,"href":"https:\/\/www.slavonski-planinari.hr\/arhiva\/wp-json\/wp\/v2\/posts\/5894\/revisions"}],"wp:attachment":[{"href":"https:\/\/www.slavonski-planinari.hr\/arhiva\/wp-json\/wp\/v2\/media?parent=5894"}],"wp:term":[{"taxonomy":"category","embeddable":true,"href":"https:\/\/www.slavonski-planinari.hr\/arhiva\/wp-json\/wp\/v2\/categories?post=5894"},{"taxonomy":"post_tag","embeddable":true,"href":"https:\/\/www.slavonski-planinari.hr\/arhiva\/wp-json\/wp\/v2\/tags?post=5894"}],"curies":[{"name":"wp","href":"https:\/\/api.w.org\/{rel}","templated":true}]}}