{"id":5881,"date":"2022-10-04T12:33:00","date_gmt":"2022-10-04T11:33:00","guid":{"rendered":"https:\/\/www.slavonski-planinari.hr\/arhiva\/?p=5881"},"modified":"2023-02-15T12:34:54","modified_gmt":"2023-02-15T11:34:54","slug":"tragom-prvog-izleta-3","status":"publish","type":"post","link":"https:\/\/www.slavonski-planinari.hr\/arhiva\/tragom-prvog-izleta-3\/","title":{"rendered":"Tragom prvog izleta"},"content":{"rendered":"<p>[et_pb_section fb_built=&#8221;1&#8243; theme_builder_area=&#8221;post_content&#8221; _builder_version=&#8221;4.19.5&#8243; _module_preset=&#8221;default&#8221;][et_pb_row _builder_version=&#8221;4.19.5&#8243; _module_preset=&#8221;default&#8221; theme_builder_area=&#8221;post_content&#8221;][et_pb_column _builder_version=&#8221;4.19.5&#8243; _module_preset=&#8221;default&#8221; type=&#8221;4_4&#8243; theme_builder_area=&#8221;post_content&#8221;][et_pb_text _builder_version=&#8221;4.19.5&#8243; _module_preset=&#8221;default&#8221; theme_builder_area=&#8221;post_content&#8221; hover_enabled=&#8221;0&#8243; sticky_enabled=&#8221;0&#8243;]<\/p>\n<p>Nedjelja, 25.09.22.g. Povodom 100 godina planinarstva i planinarenja u Na\u0161icama i 60 godina na\u0161eg dru\u0161tva PD\u201dKrndija\u201d, organizirali smo i proveli izlet s na\u0161e kontrolne to\u010dke TPI (Tragom prvog izleta).<\/p>\n<p>Okupilo se nas osam doma\u0107ih planinara, odhodali tradicionalnu kru\u017enu stazu od 4 h. Prekrasno vrijeme, prelijepa na\u0161a lisnata zelena \u0161uma, nekoliko uspona do pijeskova, preko plastova i spu\u0161tanje nazad na staklanu. Tra\u017eenje varganja i ostalih gljiva, \u0161ale i po\u0161alice na ra\u010dun gljiva i gljivara. Do\u0161li smo do cilja, podru\u017eili se i doma.<\/p>\n<p>Umor prolazi a zadovoljstvo ostaje.<\/p>\n<p>Do sljede\u0107i puta.<\/p>\n<p style=\"text-align: right;\">Tekst i fotografije preuzeti sa stranica PD &#8220;Krndija&#8221;<\/p>\n<p>[\/et_pb_text][et_pb_gallery _builder_version=&#8221;4.19.5&#8243; _module_preset=&#8221;default&#8221; theme_builder_area=&#8221;post_content&#8221; gallery_ids=&#8221;5883,5884,5885,5886,5887,5888,5889,5890,5891,5892&#8243; posts_number=&#8221;10&#8243; show_title_and_caption=&#8221;off&#8221; hover_enabled=&#8221;0&#8243; sticky_enabled=&#8221;0&#8243;][\/et_pb_gallery][\/et_pb_column][\/et_pb_row][\/et_pb_section]<\/p>\n","protected":false},"excerpt":{"rendered":"<p>Nedjelja, 25.09.22.g. Povodom 100 godina planinarstva i planinarenja u Na\u0161icama i 60 godina na\u0161eg dru\u0161tva PD\u201dKrndija\u201d, organizirali smo i proveli izlet s na\u0161e kontrolne to\u010dke TPI (Tragom prvog izleta). Okupilo se nas osam doma\u0107ih planinara, odhodali tradicionalnu kru\u017enu stazu od 4 h. Prekrasno vrijeme, prelijepa na\u0161a lisnata zelena \u0161uma, nekoliko uspona do pijeskova, preko plastova [&hellip;]<\/p>\n","protected":false},"author":1,"featured_media":0,"comment_status":"closed","ping_status":"open","sticky":false,"template":"","format":"standard","meta":{"_et_pb_use_builder":"on","_et_pb_old_content":"","_et_gb_content_width":"1080","footnotes":""},"categories":[37],"tags":[],"class_list":["post-5881","post","type-post","status-publish","format-standard","hentry","category-37"],"_links":{"self":[{"href":"https:\/\/www.slavonski-planinari.hr\/arhiva\/wp-json\/wp\/v2\/posts\/5881","targetHints":{"allow":["GET"]}}],"collection":[{"href":"https:\/\/www.slavonski-planinari.hr\/arhiva\/wp-json\/wp\/v2\/posts"}],"about":[{"href":"https:\/\/www.slavonski-planinari.hr\/arhiva\/wp-json\/wp\/v2\/types\/post"}],"author":[{"embeddable":true,"href":"https:\/\/www.slavonski-planinari.hr\/arhiva\/wp-json\/wp\/v2\/users\/1"}],"replies":[{"embeddable":true,"href":"https:\/\/www.slavonski-planinari.hr\/arhiva\/wp-json\/wp\/v2\/comments?post=5881"}],"version-history":[{"count":0,"href":"https:\/\/www.slavonski-planinari.hr\/arhiva\/wp-json\/wp\/v2\/posts\/5881\/revisions"}],"wp:attachment":[{"href":"https:\/\/www.slavonski-planinari.hr\/arhiva\/wp-json\/wp\/v2\/media?parent=5881"}],"wp:term":[{"taxonomy":"category","embeddable":true,"href":"https:\/\/www.slavonski-planinari.hr\/arhiva\/wp-json\/wp\/v2\/categories?post=5881"},{"taxonomy":"post_tag","embeddable":true,"href":"https:\/\/www.slavonski-planinari.hr\/arhiva\/wp-json\/wp\/v2\/tags?post=5881"}],"curies":[{"name":"wp","href":"https:\/\/api.w.org\/{rel}","templated":true}]}}