{"id":5877,"date":"2022-10-04T12:29:00","date_gmt":"2022-10-04T11:29:00","guid":{"rendered":"https:\/\/www.slavonski-planinari.hr\/arhiva\/?p=5877"},"modified":"2023-02-15T12:31:24","modified_gmt":"2023-02-15T11:31:24","slug":"jesen-na-dilju-5","status":"publish","type":"post","link":"https:\/\/www.slavonski-planinari.hr\/arhiva\/jesen-na-dilju-5\/","title":{"rendered":"Jesen na Dilju"},"content":{"rendered":"<p>[et_pb_section fb_built=&#8221;1&#8243; theme_builder_area=&#8221;post_content&#8221; _builder_version=&#8221;4.19.5&#8243; _module_preset=&#8221;default&#8221;][et_pb_row _builder_version=&#8221;4.19.5&#8243; _module_preset=&#8221;default&#8221; theme_builder_area=&#8221;post_content&#8221;][et_pb_column _builder_version=&#8221;4.19.5&#8243; _module_preset=&#8221;default&#8221; type=&#8221;4_4&#8243; theme_builder_area=&#8221;post_content&#8221;][et_pb_text _builder_version=&#8221;4.19.5&#8243; _module_preset=&#8221;default&#8221; theme_builder_area=&#8221;post_content&#8221; hover_enabled=&#8221;0&#8243; sticky_enabled=&#8221;0&#8243;]<\/p>\n<div><img loading=\"lazy\" decoding=\"async\" src=\"https:\/\/www.slavonski-planinari.hr\/arhiva\/wp-content\/uploads\/2023\/02\/jesen-na-dilju-2022-709x1024.jpg\" width=\"709\" height=\"1024\" alt=\"\" class=\"wp-image-5879 aligncenter size-large\" srcset=\"https:\/\/www.slavonski-planinari.hr\/arhiva\/wp-content\/uploads\/2023\/02\/jesen-na-dilju-2022-709x1024.jpg 709w, https:\/\/www.slavonski-planinari.hr\/arhiva\/wp-content\/uploads\/2023\/02\/jesen-na-dilju-2022-480x694.jpg 480w\" sizes=\"(min-width: 0px) and (max-width: 480px) 480px, (min-width: 481px) 709px, 100vw\" \/><\/div>\n<div><\/div>\n<div>Pozivnica<\/div>\n<p>HPD Tikvica Vas poziva 22.10. na manifestaciju Jesen na Dilju.<\/p>\n<p>9h okupljanje u PD \u0110uro Pilar, Slavonski Brod uz doru\u010dak i kavu.<\/p>\n<p>10h polazak na stazu prema \u010cardaku.<\/p>\n<p>Ostale informacije na mjestu doga\u0111anja.<\/p>\n<p>No\u0107enje u PD \u0110uro Pilar 50,00kn<\/p>\n<p>Vedro!<\/p>\n<p>[\/et_pb_text][\/et_pb_column][\/et_pb_row][\/et_pb_section]<\/p>\n","protected":false},"excerpt":{"rendered":"<p>Pozivnica HPD Tikvica Vas poziva 22.10. na manifestaciju Jesen na Dilju. 9h okupljanje u PD \u0110uro Pilar, Slavonski Brod uz doru\u010dak i kavu. 10h polazak na stazu prema \u010cardaku. Ostale informacije na mjestu doga\u0111anja. No\u0107enje u PD \u0110uro Pilar 50,00kn Vedro!<\/p>\n","protected":false},"author":1,"featured_media":0,"comment_status":"closed","ping_status":"open","sticky":false,"template":"","format":"standard","meta":{"_et_pb_use_builder":"on","_et_pb_old_content":"","_et_gb_content_width":"1080","footnotes":""},"categories":[37],"tags":[],"class_list":["post-5877","post","type-post","status-publish","format-standard","hentry","category-37"],"_links":{"self":[{"href":"https:\/\/www.slavonski-planinari.hr\/arhiva\/wp-json\/wp\/v2\/posts\/5877","targetHints":{"allow":["GET"]}}],"collection":[{"href":"https:\/\/www.slavonski-planinari.hr\/arhiva\/wp-json\/wp\/v2\/posts"}],"about":[{"href":"https:\/\/www.slavonski-planinari.hr\/arhiva\/wp-json\/wp\/v2\/types\/post"}],"author":[{"embeddable":true,"href":"https:\/\/www.slavonski-planinari.hr\/arhiva\/wp-json\/wp\/v2\/users\/1"}],"replies":[{"embeddable":true,"href":"https:\/\/www.slavonski-planinari.hr\/arhiva\/wp-json\/wp\/v2\/comments?post=5877"}],"version-history":[{"count":0,"href":"https:\/\/www.slavonski-planinari.hr\/arhiva\/wp-json\/wp\/v2\/posts\/5877\/revisions"}],"wp:attachment":[{"href":"https:\/\/www.slavonski-planinari.hr\/arhiva\/wp-json\/wp\/v2\/media?parent=5877"}],"wp:term":[{"taxonomy":"category","embeddable":true,"href":"https:\/\/www.slavonski-planinari.hr\/arhiva\/wp-json\/wp\/v2\/categories?post=5877"},{"taxonomy":"post_tag","embeddable":true,"href":"https:\/\/www.slavonski-planinari.hr\/arhiva\/wp-json\/wp\/v2\/tags?post=5877"}],"curies":[{"name":"wp","href":"https:\/\/api.w.org\/{rel}","templated":true}]}}