{"id":5859,"date":"2022-09-14T12:14:00","date_gmt":"2022-09-14T11:14:00","guid":{"rendered":"https:\/\/www.slavonski-planinari.hr\/arhiva\/?p=5859"},"modified":"2023-02-15T12:17:57","modified_gmt":"2023-02-15T11:17:57","slug":"ekspedicija-mali-pajdo-innsbruck-2022","status":"publish","type":"post","link":"https:\/\/www.slavonski-planinari.hr\/arhiva\/ekspedicija-mali-pajdo-innsbruck-2022\/","title":{"rendered":"Ekspedicija &#8220;Mali Pajdo&#8221; Innsbruck 2022"},"content":{"rendered":"<p>[et_pb_section fb_built=&#8221;1&#8243; theme_builder_area=&#8221;post_content&#8221; _builder_version=&#8221;4.19.5&#8243; _module_preset=&#8221;default&#8221;][et_pb_row _builder_version=&#8221;4.19.5&#8243; _module_preset=&#8221;default&#8221; theme_builder_area=&#8221;post_content&#8221;][et_pb_column _builder_version=&#8221;4.19.5&#8243; _module_preset=&#8221;default&#8221; type=&#8221;4_4&#8243; theme_builder_area=&#8221;post_content&#8221;][et_pb_text _builder_version=&#8221;4.19.5&#8243; _module_preset=&#8221;default&#8221; theme_builder_area=&#8221;post_content&#8221; hover_enabled=&#8221;0&#8243; sticky_enabled=&#8221;0&#8243;]<\/p>\n<p style=\"text-align: justify;\">Danas je 11. godi\u0161njica smrti istaknutog po\u017ee\u0161kog novinara, planinara i pisca Ivana Jakovine, poznatim pod nadimkom &#8220;Mali Pajdo&#8221;.<br \/>Ekspedicija &#8220;Mali Pajdo&#8221; Innsbruck 2022<br \/>Ovim putem Vam javljam da smo i ove godine obljetnicu smrti moga djeda Ivana Jakovine, poznatim pod nadimkom &#8220;Mali Pajdo&#8221; obilje\u017eili na planinarski na\u010din u Innsbrucku gdje smo odr\u017eali 11. planinarsku ekspediciju naziva &#8220;Mali Pajdo&#8221; Innsbruck 2022.<br \/>Ova putopisno-planinarska ekspediciju simboli\u010dnog naziva &#8220;Mali Pajdo&#8221; pokrenuta je 2011. godine u znak sje\u0107anje na Ivana &#8220;Malog Pajdu&#8221; Jakovinu, kao i promicanje Po\u017ee\u0161tine i planinarenja.<br \/>U posljednjih desetlje\u0107e osvojeni su razni planinarski vrhovi poput Triglava u Sloveniji, Jebel Toubkala u Maroku, Musale u Bugarskoj, Zugspitza u Njema\u010dkoj&#8230;<br \/>I ove godine skupila se sedmero\u010dlana grupa pajda\u0161ica i pajda\u0161a iz raznih dijelova Europe i planinarskim dru\u017eenjem u stilu Ivana &#8220;Malog Pajde&#8221; Jakovine, veselo i opu\u0161teno obilje\u017eila sada ve\u0107 tradicionalni i internacionalni planinarski doga\u0111aj.<br \/>U usponu su sudjelovali Davorin i Ivan Jakovina iz Po\u017eege s prijateljima planinarima Ivanom iz M\u00fcnchena, Tenom iz Berlina, Elli iz Atene i Aleksandrom i Petrom koji su za ovu prigodu doletjeli s Islanda.<br \/>Skupina se zaputila iz Innsbrucka \u017ei\u010darom Nordkette do vrha Hafelekarspitze na visini od 2.334m, koji je ujedno i polazi\u0161te za planinarenje Goetheovim putem.<br \/>Nakon kratke zdravice i prigodne ceremonija uz dodjelu zahvalnica i recitiranje nekoliko &#8220;Pajdinih&#8221; pjesama, skupina je nastavila svoj pohod Goethewegom do planinarskog doma Pfeish\u00fctte na visini od 1922 metra gdje se dobro raspolo\u017eenje uz pjesmu i veselje nastavilo dugo u vedru alpsku no\u0107.<br \/>Ovim usponom i cjelokupnim i dogovorena dru\u017eba za sljede\u0107u godinu u isto vrijeme na nekim od planinskih vrhova.<br \/>Ivan Jakovina bio je aktivan planinar HPD \u201eSokolovac 1898.\u201c iz Po\u017eege, gdje je bio vodi\u010d dru\u0161tvenih izleta i omiljeni planinarski prijatelj.<\/p>\n<p style=\"text-align: right;\">Tekst: Ivan Jakovina<\/p>\n<p>[\/et_pb_text][et_pb_gallery _builder_version=&#8221;4.19.5&#8243; _module_preset=&#8221;default&#8221; theme_builder_area=&#8221;post_content&#8221; gallery_ids=&#8221;5861,5862,5863,5864,5865,5866&#8243; posts_number=&#8221;6&#8243; show_title_and_caption=&#8221;off&#8221; hover_enabled=&#8221;0&#8243; sticky_enabled=&#8221;0&#8243;][\/et_pb_gallery][\/et_pb_column][\/et_pb_row][\/et_pb_section]<\/p>\n","protected":false},"excerpt":{"rendered":"<p>Danas je 11. godi\u0161njica smrti istaknutog po\u017ee\u0161kog novinara, planinara i pisca Ivana Jakovine, poznatim pod nadimkom &#8220;Mali Pajdo&#8221;.Ekspedicija &#8220;Mali Pajdo&#8221; Innsbruck 2022Ovim putem Vam javljam da smo i ove godine obljetnicu smrti moga djeda Ivana Jakovine, poznatim pod nadimkom &#8220;Mali Pajdo&#8221; obilje\u017eili na planinarski na\u010din u Innsbrucku gdje smo odr\u017eali 11. planinarsku ekspediciju naziva &#8220;Mali [&hellip;]<\/p>\n","protected":false},"author":1,"featured_media":0,"comment_status":"closed","ping_status":"open","sticky":false,"template":"","format":"standard","meta":{"_et_pb_use_builder":"on","_et_pb_old_content":"","_et_gb_content_width":"1080","footnotes":""},"categories":[37],"tags":[],"class_list":["post-5859","post","type-post","status-publish","format-standard","hentry","category-37"],"_links":{"self":[{"href":"https:\/\/www.slavonski-planinari.hr\/arhiva\/wp-json\/wp\/v2\/posts\/5859","targetHints":{"allow":["GET"]}}],"collection":[{"href":"https:\/\/www.slavonski-planinari.hr\/arhiva\/wp-json\/wp\/v2\/posts"}],"about":[{"href":"https:\/\/www.slavonski-planinari.hr\/arhiva\/wp-json\/wp\/v2\/types\/post"}],"author":[{"embeddable":true,"href":"https:\/\/www.slavonski-planinari.hr\/arhiva\/wp-json\/wp\/v2\/users\/1"}],"replies":[{"embeddable":true,"href":"https:\/\/www.slavonski-planinari.hr\/arhiva\/wp-json\/wp\/v2\/comments?post=5859"}],"version-history":[{"count":0,"href":"https:\/\/www.slavonski-planinari.hr\/arhiva\/wp-json\/wp\/v2\/posts\/5859\/revisions"}],"wp:attachment":[{"href":"https:\/\/www.slavonski-planinari.hr\/arhiva\/wp-json\/wp\/v2\/media?parent=5859"}],"wp:term":[{"taxonomy":"category","embeddable":true,"href":"https:\/\/www.slavonski-planinari.hr\/arhiva\/wp-json\/wp\/v2\/categories?post=5859"},{"taxonomy":"post_tag","embeddable":true,"href":"https:\/\/www.slavonski-planinari.hr\/arhiva\/wp-json\/wp\/v2\/tags?post=5859"}],"curies":[{"name":"wp","href":"https:\/\/api.w.org\/{rel}","templated":true}]}}