{"id":5831,"date":"2022-09-08T11:57:00","date_gmt":"2022-09-08T10:57:00","guid":{"rendered":"https:\/\/www.slavonski-planinari.hr\/arhiva\/?p=5831"},"modified":"2023-02-15T12:00:44","modified_gmt":"2023-02-15T11:00:44","slug":"8-pohod-na-frusku-goru-2","status":"publish","type":"post","link":"https:\/\/www.slavonski-planinari.hr\/arhiva\/8-pohod-na-frusku-goru-2\/","title":{"rendered":"8. pohod na Fru\u0161ku goru"},"content":{"rendered":"<p>[et_pb_section fb_built=&#8221;1&#8243; theme_builder_area=&#8221;post_content&#8221; _builder_version=&#8221;4.19.5&#8243; _module_preset=&#8221;default&#8221;][et_pb_row _builder_version=&#8221;4.19.5&#8243; _module_preset=&#8221;default&#8221; theme_builder_area=&#8221;post_content&#8221;][et_pb_column _builder_version=&#8221;4.19.5&#8243; _module_preset=&#8221;default&#8221; type=&#8221;4_4&#8243; theme_builder_area=&#8221;post_content&#8221;][et_pb_text _builder_version=&#8221;4.19.5&#8243; _module_preset=&#8221;default&#8221; theme_builder_area=&#8221;post_content&#8221; hover_enabled=&#8221;0&#8243; sticky_enabled=&#8221;0&#8243;]<\/p>\n<div>04. rujna 2022. godine odr\u017ean je planinarski izlet \u201e8. pohod na Fru\u0161ku goru\u201c u organizaciji HPD Cibalia Vinkovci i uz pomo\u0107 HPD Liska Ilok, Grada Iloka i Matice slova\u010dke Rado\u0161.<\/div>\n<p>Ove godine polazak je bio ispred prostorija Matice slova\u010dke u Rado\u0161u, sa kojega se kretalo na dvije staze, jedna du\u017eine oko 16 kilometara i druge u du\u017eini od oko 8 kilometara.<\/p>\n<p>Ukupno je na pohodu bilo 208 planinara iz 17 planinarskih dru\u0161tava iz Republike Hrvatske, Bosne i Hercegovine i Slovenije.<\/p>\n<p>Prijavljena dru\u0161tva: HPD Beli\u0161\u0107e, PD Borik \u0110ur\u0111evac, HPD Br\u0161ljan Jankovac \u2013 Osijek, PD Bundek \u2013 Mursko Sredi\u0161\u0107e, PD Dilj gora \u2013 Slavonski Brod, HPD Gojzerica \u2013 Po\u017eega, HPD HZZO \u2013 Po\u017eega, PD Ledava \u2013 Slovenija, HPD Liska \u2013 Ilok, PD Njivice \u2013 Bosanska Bijela (BiH), HPD Orahovica, HPD Papuk \u2013 Virovitica, HPD Sokol \u2013 Feri\u010danci, HPD Tikvica \u2013 \u017dupanja, HPD VIdim \u2013 Kutjevo, PD Zanatlija \u2013 Osijek i HPD Cibalia \u2013 Vinkovci.<\/p>\n<p>Vi\u0161e fotografija mo\u017eete prona\u0107i u albumu:\u00a0<strong><span><a href=\"https:\/\/photos.app.goo.gl\/A4tzhzXY9TjgLPKRA\">8. pohod na Fru\u0161ku goru<\/a><\/span><\/strong><\/p>\n<p>&nbsp;<\/p>\n<p style=\"text-align: right;\">Tekst i fotografije preuzete sa stranica HPD &#8220;Cibalia&#8221; Vinkovci<\/p>\n<p>[\/et_pb_text][et_pb_gallery _builder_version=&#8221;4.19.5&#8243; _module_preset=&#8221;default&#8221; theme_builder_area=&#8221;post_content&#8221; gallery_ids=&#8221;5833,5834,5835,5836,5837,5838,5839,5840,5841,5842,5843,5844,5845,5846,5847,5848,5849,5850,5851,5852,5853,5854,5855,5856,5857&#8243; posts_number=&#8221;25&#8243; show_title_and_caption=&#8221;off&#8221; hover_enabled=&#8221;0&#8243; sticky_enabled=&#8221;0&#8243;][\/et_pb_gallery][\/et_pb_column][\/et_pb_row][\/et_pb_section]<\/p>\n","protected":false},"excerpt":{"rendered":"<p>04. rujna 2022. godine odr\u017ean je planinarski izlet \u201e8. pohod na Fru\u0161ku goru\u201c u organizaciji HPD Cibalia Vinkovci i uz pomo\u0107 HPD Liska Ilok, Grada Iloka i Matice slova\u010dke Rado\u0161. Ove godine polazak je bio ispred prostorija Matice slova\u010dke u Rado\u0161u, sa kojega se kretalo na dvije staze, jedna du\u017eine oko 16 kilometara i druge [&hellip;]<\/p>\n","protected":false},"author":1,"featured_media":0,"comment_status":"closed","ping_status":"open","sticky":false,"template":"","format":"standard","meta":{"_et_pb_use_builder":"on","_et_pb_old_content":"","_et_gb_content_width":"1080","footnotes":""},"categories":[37],"tags":[],"class_list":["post-5831","post","type-post","status-publish","format-standard","hentry","category-37"],"_links":{"self":[{"href":"https:\/\/www.slavonski-planinari.hr\/arhiva\/wp-json\/wp\/v2\/posts\/5831","targetHints":{"allow":["GET"]}}],"collection":[{"href":"https:\/\/www.slavonski-planinari.hr\/arhiva\/wp-json\/wp\/v2\/posts"}],"about":[{"href":"https:\/\/www.slavonski-planinari.hr\/arhiva\/wp-json\/wp\/v2\/types\/post"}],"author":[{"embeddable":true,"href":"https:\/\/www.slavonski-planinari.hr\/arhiva\/wp-json\/wp\/v2\/users\/1"}],"replies":[{"embeddable":true,"href":"https:\/\/www.slavonski-planinari.hr\/arhiva\/wp-json\/wp\/v2\/comments?post=5831"}],"version-history":[{"count":0,"href":"https:\/\/www.slavonski-planinari.hr\/arhiva\/wp-json\/wp\/v2\/posts\/5831\/revisions"}],"wp:attachment":[{"href":"https:\/\/www.slavonski-planinari.hr\/arhiva\/wp-json\/wp\/v2\/media?parent=5831"}],"wp:term":[{"taxonomy":"category","embeddable":true,"href":"https:\/\/www.slavonski-planinari.hr\/arhiva\/wp-json\/wp\/v2\/categories?post=5831"},{"taxonomy":"post_tag","embeddable":true,"href":"https:\/\/www.slavonski-planinari.hr\/arhiva\/wp-json\/wp\/v2\/tags?post=5831"}],"curies":[{"name":"wp","href":"https:\/\/api.w.org\/{rel}","templated":true}]}}