{"id":5796,"date":"2022-09-06T11:47:00","date_gmt":"2022-09-06T10:47:00","guid":{"rendered":"https:\/\/www.slavonski-planinari.hr\/arhiva\/?p=5796"},"modified":"2023-02-15T11:51:11","modified_gmt":"2023-02-15T10:51:11","slug":"ii-memorijalni-pohod-planinarskom-obilaznicom-dr-andrija-stampar-03-09-2022","status":"publish","type":"post","link":"https:\/\/www.slavonski-planinari.hr\/arhiva\/ii-memorijalni-pohod-planinarskom-obilaznicom-dr-andrija-stampar-03-09-2022\/","title":{"rendered":"II. memorijalni pohod Planinarskom obilaznicom dr. Andrija \u0160tampar; 03.09.2022."},"content":{"rendered":"<p>[et_pb_section fb_built=&#8221;1&#8243; theme_builder_area=&#8221;post_content&#8221; _builder_version=&#8221;4.19.5&#8243; _module_preset=&#8221;default&#8221;][et_pb_row _builder_version=&#8221;4.19.5&#8243; _module_preset=&#8221;default&#8221; theme_builder_area=&#8221;post_content&#8221;][et_pb_column _builder_version=&#8221;4.19.5&#8243; _module_preset=&#8221;default&#8221; type=&#8221;4_4&#8243; theme_builder_area=&#8221;post_content&#8221;][et_pb_text _builder_version=&#8221;4.19.5&#8243; _module_preset=&#8221;default&#8221; theme_builder_area=&#8221;post_content&#8221; hover_enabled=&#8221;0&#8243; sticky_enabled=&#8221;0&#8243;]<\/p>\n<p>Planinari PD \u201eZanatija\u201c iz Osijeka odr\u017eali su 3. rujna 2022. svoj drugi Memorijalni pohod Planinarskom Obilaznicom \u201eDr. Andrija \u0160tampar\u201c. Obilaznicu su \u010dlanovi Dru\u0161tva osnovali i markirali 2020., u spomen svjetski \u010duvenog velikana javnog zdravstva dr. Andrije \u0160tampara koji je ro\u0111en 1. rujna 1888. u Brodskom Drenovcu. Pohod je posve\u0107en obilje\u017eavanju njegovog dana ro\u0111enja, a vi\u0161e o ovom hrvatskom lije\u010dniku koji je zadu\u017eio svjetsku socijalnu medicinu i cjelokupno \u010dovje\u010danstvo mo\u017eete saznati na poveznici<span>\u00a0<\/span><a href=\"https:\/\/hmmf.hazu.hr\/andrija-stampar\/\">https:\/\/hmmf.hazu.hr\/andrija-stampar\/.<\/a><span>\u00a0<\/span>Ova staza je lagana, kondicijski i tehni\u010dki nezahtjevna te sa svojih 15 km kroz \u0161umu i livade, primjerena i seniorima i djeci.<\/p>\n<p>Planinari iz PD \u201eZanatlija\u201c i HPD \u201eBr\u0161ljan Jankovac\u201c iz Osijeka te iz HPD \u201e\u017deljezni\u010dar\u201c iz Zagreba, uklju\u010duju\u0107i i psa Kiru, okupili su se ujutro u Brodskom Drenovcu. Nakon slavonskog doru\u010dka i pozdrava predsjednika Dru\u0161tva koje je osmislilo stazu, 45 planinara je krenulo na pohod s po\u010detne to\u010dke ispred rodne ku\u0107e dr. Andrije \u0160tampara koja je ujedno i prva kontrolna to\u010dka Obilaznice. Vrijeme je bilo sun\u010dano i toplo, a takvo je bilo i raspolo\u017eenje sudionika. Nakon obveznog fotografiranja i udaranja prvog \u017eiga u dnevnik Obilaznice, skupina je krenula prema izlazu iz sela, putem obi\u0161av\u0161i i drugu kontrolnu to\u010dku kod crkve sv. Dimitrija. Laganim hodom kroz livade i \u0161umu do\u0161li su do tre\u0107e kontrolne to\u010dke na Kasonjskom vrhu koji se nalazi na oko 350 metara nadmorske visine. I ovdje je udaren \u017eig u dnevnik i grupa je krenula put Planinarske ku\u0107e Viljevo koja je \u010detvrta kontrolna to\u010dka. Na ovoj lokaciji, u predivnoj lagano brdovitoj prirodi obojanoj bogatim nijansama jeseni, planinari su se odmorili i okrijepili napitcima i vo\u0107em. Dobro raspolo\u017eeni nastavili su hodati i u\u017eivati u prirodi prema zadnjoj kontrolnoj to\u010dki Obilaznice koja se nalazi kod Etno ku\u0107e \u201e\u0106osin mlin\u201c na rijeci Orljavi. Nakon kratkog zadr\u017eavanja na ovoj lijepo ure\u0111enoj seoskoj lokaciji, lagano su krenuli prema obli\u017enjem ribnjaku i ribi\u010dkoj ku\u0107i gdje su ih ribi\u010di iz doma\u0107eg \u0160RD Mrena iz Brodskog Drenovca po\u010dastili s odli\u010dnim planinarsko-ribi\u010dkim grahom sa suhim mesom. Nakon obilnog ru\u010dka i okrijepe teku\u0107inom, uslijedilo je opra\u0161tanje od doma\u0107ina i gostiju iz Zagreba te povratak u Osijek.<\/p>\n<p>Iako se u ovom terminu odr\u017eavalo vi\u0161e drugih pohoda i razli\u010ditih manifestacija u Slavoniji te se na ovaj odazvao manji broj planinara nego ina\u010de, mo\u017eemo re\u0107i da je pohod uspje\u0161no odr\u017ean i da su svi sudionici u\u017eivali u prekrasnoj prirodi, toplom jesenskom sun\u010danom vremenu i posebno u ugodnom dru\u0161tvu.<\/p>\n<p style=\"text-align: right;\">Sanja Vladovi\u0107<br \/>PD \u201eZanatlija\u201c iz Osijeka<\/p>\n<p style=\"text-align: right;\">\n<p style=\"text-align: right;\">Fotografije i tekst preuzeti sa stranica PD &#8220;Zanatlija&#8221; Osijek<\/p>\n<p>[\/et_pb_text][et_pb_gallery _builder_version=&#8221;4.19.5&#8243; _module_preset=&#8221;default&#8221; theme_builder_area=&#8221;post_content&#8221; gallery_ids=&#8221;5798,5799,5800,5801,5802,5803,5804&#8243; posts_number=&#8221;7&#8243; show_title_and_caption=&#8221;off&#8221; hover_enabled=&#8221;0&#8243; sticky_enabled=&#8221;0&#8243;][\/et_pb_gallery][\/et_pb_column][\/et_pb_row][\/et_pb_section]<\/p>\n","protected":false},"excerpt":{"rendered":"<p>Planinari PD \u201eZanatija\u201c iz Osijeka odr\u017eali su 3. rujna 2022. svoj drugi Memorijalni pohod Planinarskom Obilaznicom \u201eDr. Andrija \u0160tampar\u201c. Obilaznicu su \u010dlanovi Dru\u0161tva osnovali i markirali 2020., u spomen svjetski \u010duvenog velikana javnog zdravstva dr. Andrije \u0160tampara koji je ro\u0111en 1. rujna 1888. u Brodskom Drenovcu. Pohod je posve\u0107en obilje\u017eavanju njegovog dana ro\u0111enja, a vi\u0161e [&hellip;]<\/p>\n","protected":false},"author":1,"featured_media":0,"comment_status":"closed","ping_status":"open","sticky":false,"template":"","format":"standard","meta":{"_et_pb_use_builder":"on","_et_pb_old_content":"","_et_gb_content_width":"1080","footnotes":""},"categories":[37],"tags":[],"class_list":["post-5796","post","type-post","status-publish","format-standard","hentry","category-37"],"_links":{"self":[{"href":"https:\/\/www.slavonski-planinari.hr\/arhiva\/wp-json\/wp\/v2\/posts\/5796","targetHints":{"allow":["GET"]}}],"collection":[{"href":"https:\/\/www.slavonski-planinari.hr\/arhiva\/wp-json\/wp\/v2\/posts"}],"about":[{"href":"https:\/\/www.slavonski-planinari.hr\/arhiva\/wp-json\/wp\/v2\/types\/post"}],"author":[{"embeddable":true,"href":"https:\/\/www.slavonski-planinari.hr\/arhiva\/wp-json\/wp\/v2\/users\/1"}],"replies":[{"embeddable":true,"href":"https:\/\/www.slavonski-planinari.hr\/arhiva\/wp-json\/wp\/v2\/comments?post=5796"}],"version-history":[{"count":0,"href":"https:\/\/www.slavonski-planinari.hr\/arhiva\/wp-json\/wp\/v2\/posts\/5796\/revisions"}],"wp:attachment":[{"href":"https:\/\/www.slavonski-planinari.hr\/arhiva\/wp-json\/wp\/v2\/media?parent=5796"}],"wp:term":[{"taxonomy":"category","embeddable":true,"href":"https:\/\/www.slavonski-planinari.hr\/arhiva\/wp-json\/wp\/v2\/categories?post=5796"},{"taxonomy":"post_tag","embeddable":true,"href":"https:\/\/www.slavonski-planinari.hr\/arhiva\/wp-json\/wp\/v2\/tags?post=5796"}],"curies":[{"name":"wp","href":"https:\/\/api.w.org\/{rel}","templated":true}]}}