{"id":5793,"date":"2022-09-05T11:44:00","date_gmt":"2022-09-05T10:44:00","guid":{"rendered":"https:\/\/www.slavonski-planinari.hr\/arhiva\/?p=5793"},"modified":"2023-02-15T11:46:43","modified_gmt":"2023-02-15T10:46:43","slug":"kroz-vinograde-i-sume-2022-2","status":"publish","type":"post","link":"https:\/\/www.slavonski-planinari.hr\/arhiva\/kroz-vinograde-i-sume-2022-2\/","title":{"rendered":"KROZ VINOGRADE I \u0160UME 2022."},"content":{"rendered":"<p>[et_pb_section fb_built=&#8221;1&#8243; theme_builder_area=&#8221;post_content&#8221; _builder_version=&#8221;4.19.5&#8243; _module_preset=&#8221;default&#8221;][et_pb_row _builder_version=&#8221;4.19.5&#8243; _module_preset=&#8221;default&#8221; theme_builder_area=&#8221;post_content&#8221;][et_pb_column _builder_version=&#8221;4.19.5&#8243; _module_preset=&#8221;default&#8221; type=&#8221;4_4&#8243; theme_builder_area=&#8221;post_content&#8221;][et_pb_text _builder_version=&#8221;4.19.5&#8243; _module_preset=&#8221;default&#8221; theme_builder_area=&#8221;post_content&#8221; hover_enabled=&#8221;0&#8243; sticky_enabled=&#8221;0&#8243;]<\/p>\n<p><img loading=\"lazy\" decoding=\"async\" src=\"https:\/\/www.slavonski-planinari.hr\/arhiva\/wp-content\/uploads\/2023\/01\/logo-hpd-sokol.jpg\" width=\"264\" height=\"203\" alt=\"\" class=\"wp-image-2999 aligncenter size-full\" \/><\/p>\n<p>&nbsp;<\/p>\n<div style=\"text-align: center;\"><em>POZIV NA 31. SUSRET PLANINARA\u00a0<\/em><\/div>\n<div style=\"text-align: center;\"><strong><em>KROZ VINOGRADE I \u0160UME<\/em><\/strong><\/div>\n<div style=\"text-align: center;\"><strong><em>\u00a02022.<\/em><\/strong><\/div>\n<p><strong>\u00a0<\/strong><\/p>\n<p>U SUBOTU, 24. RUJNA 2022. ODR\u017dAT \u0106E SE 31. SUSRET PLANINARA<span>\u00a0<\/span><strong>&#8220;KROZ VINOGRADE I \u0160UME&#8221; I 5. FESTIVAL FRANKOVKE<\/strong><span>\u00a0<\/span>U\u00a0FERI\u010cANCIMA<\/p>\n<p>*OKUPLJANJE PLANINARA JE ISPRED \u0160KOLE DO 9.45h.<\/p>\n<p>*ZA SVE PLANINARE OSIGURAN JE \u00a0DORU\u010cAK I\u00a0PI\u0106E DOBRODO\u0160LICE.\u00a0\u00a0\u00a0\u00a0\u00a0\u00a0\u00a0\u00a0\u00a0\u00a0\u00a0\u00a0\u00a0\u00a0\u00a0\u00a0\u00a0\u00a0\u00a0\u00a0<\/p>\n<p>*U 9:45h. POZDRAVNA RIJE\u010c DOMA\u0106INA.<\/p>\n<p>*U 10:00h.KRE\u0106EMO NA DVIJE STAZE,KRA\u0106U 2,5h..I DU\u017dU 4h.<\/p>\n<p>*PO POVRATKU SA HODANJA O\u010cEKUJE NAS PONUDA JELA ,\u0106EVAPI\u00a0I HAMBURGERI.<\/p>\n<p>*DEGUSTACIJA VINA ,KAO I OSTALIH DELICIJA KOJE \u0106E IZLAGA\u010cI\u00a0PONUDITI NA \u0160TANDOVIMA.<\/p>\n<p>*ZABAVNO \u2013SPORTSKI SADR\u017dAJ NASTAVLJA SE TIJEKOM DANA,\u00a0A ZA KRAJ VE\u010cERI KONCERT GRUPE OP\u0106A OPASNOST<\/p>\n<p>\u00a0*CENTRALNI DIO MANIFESTACIJE ODR\u017dAT \u0106E SE ISPRED \u0160KOLE\u00a0\u00a0\u00a0\u00a0\u00a0\u00a0\u00a0\u00a0\u00a0 \u00a0\u00a0\u00a0\u00a0\u00a0\u00a0\u00a0\u00a0\u00a0\u00a0\u00a0\u00a0\u00a0\u00a0\u00a0\u00a0\u00a0\u00a0\u00a0\u00a0\u00a0\u00a0\u00a0\u00a0\u00a0\u00a0\u00a0<\/p>\n<p>\u00a0* MOLIM SVA DRU\u0160TVA KOJA PLANIRAJU DO\u0106I DA PRIJAVE BROJ\u00a0PLANINARA RADI LAK\u0160E ORGANIZACIJE.<\/p>\n<p>\u00a0*RADUJEMO SE VA\u0160EM DOLASKU!<\/p>\n<p>&nbsp;<\/p>\n<p>U Feri\u010dancima 30.8.2022.\u00a0 \u00a0 \u00a0 \u00a0 \u00a0 \u00a0 \u00a0 \u00a0 \u00a0 \u00a0 \u00a0 \u00a0 \u00a0 \u00a0 \u00a0 \u00a0 \u00a0 \u00a0 \u00a0 \u00a0 \u00a0 \u00a0<\/p>\n<p>Kontakt broj:<\/p>\n<p>Josip \u0160alek 098 627 401<\/p>\n<p>Dragoljub Ravas-Rale 098 666 730<\/p>\n<p style=\"text-align: right;\">HPD&#8221;Sokol&#8221;Feri\u010danci<\/p>\n<p>[\/et_pb_text][\/et_pb_column][\/et_pb_row][\/et_pb_section]<\/p>\n","protected":false},"excerpt":{"rendered":"<p>&nbsp; POZIV NA 31. SUSRET PLANINARA\u00a0 KROZ VINOGRADE I \u0160UME \u00a02022. \u00a0 U SUBOTU, 24. RUJNA 2022. ODR\u017dAT \u0106E SE 31. SUSRET PLANINARA\u00a0&#8220;KROZ VINOGRADE I \u0160UME&#8221; I 5. FESTIVAL FRANKOVKE\u00a0U\u00a0FERI\u010cANCIMA *OKUPLJANJE PLANINARA JE ISPRED \u0160KOLE DO 9.45h. *ZA SVE PLANINARE OSIGURAN JE \u00a0DORU\u010cAK I\u00a0PI\u0106E DOBRODO\u0160LICE.\u00a0\u00a0\u00a0\u00a0\u00a0\u00a0\u00a0\u00a0\u00a0\u00a0\u00a0\u00a0\u00a0\u00a0\u00a0\u00a0\u00a0\u00a0\u00a0\u00a0 *U 9:45h. POZDRAVNA RIJE\u010c DOMA\u0106INA. *U 10:00h.KRE\u0106EMO NA DVIJE STAZE,KRA\u0106U [&hellip;]<\/p>\n","protected":false},"author":1,"featured_media":0,"comment_status":"closed","ping_status":"open","sticky":false,"template":"","format":"standard","meta":{"_et_pb_use_builder":"on","_et_pb_old_content":"","_et_gb_content_width":"1080","footnotes":""},"categories":[37],"tags":[],"class_list":["post-5793","post","type-post","status-publish","format-standard","hentry","category-37"],"_links":{"self":[{"href":"https:\/\/www.slavonski-planinari.hr\/arhiva\/wp-json\/wp\/v2\/posts\/5793","targetHints":{"allow":["GET"]}}],"collection":[{"href":"https:\/\/www.slavonski-planinari.hr\/arhiva\/wp-json\/wp\/v2\/posts"}],"about":[{"href":"https:\/\/www.slavonski-planinari.hr\/arhiva\/wp-json\/wp\/v2\/types\/post"}],"author":[{"embeddable":true,"href":"https:\/\/www.slavonski-planinari.hr\/arhiva\/wp-json\/wp\/v2\/users\/1"}],"replies":[{"embeddable":true,"href":"https:\/\/www.slavonski-planinari.hr\/arhiva\/wp-json\/wp\/v2\/comments?post=5793"}],"version-history":[{"count":0,"href":"https:\/\/www.slavonski-planinari.hr\/arhiva\/wp-json\/wp\/v2\/posts\/5793\/revisions"}],"wp:attachment":[{"href":"https:\/\/www.slavonski-planinari.hr\/arhiva\/wp-json\/wp\/v2\/media?parent=5793"}],"wp:term":[{"taxonomy":"category","embeddable":true,"href":"https:\/\/www.slavonski-planinari.hr\/arhiva\/wp-json\/wp\/v2\/categories?post=5793"},{"taxonomy":"post_tag","embeddable":true,"href":"https:\/\/www.slavonski-planinari.hr\/arhiva\/wp-json\/wp\/v2\/tags?post=5793"}],"curies":[{"name":"wp","href":"https:\/\/api.w.org\/{rel}","templated":true}]}}