{"id":5785,"date":"2022-08-25T11:39:00","date_gmt":"2022-08-25T10:39:00","guid":{"rendered":"https:\/\/www.slavonski-planinari.hr\/arhiva\/?p=5785"},"modified":"2023-02-15T11:42:15","modified_gmt":"2023-02-15T10:42:15","slug":"70-dan-slavonskih-planinara","status":"publish","type":"post","link":"https:\/\/www.slavonski-planinari.hr\/arhiva\/70-dan-slavonskih-planinara\/","title":{"rendered":"70. Dan Slavonskih planinara"},"content":{"rendered":"<p>[et_pb_section fb_built=&#8221;1&#8243; theme_builder_area=&#8221;post_content&#8221; _builder_version=&#8221;4.19.5&#8243; _module_preset=&#8221;default&#8221;][et_pb_row _builder_version=&#8221;4.19.5&#8243; _module_preset=&#8221;default&#8221; theme_builder_area=&#8221;post_content&#8221;][et_pb_column _builder_version=&#8221;4.19.5&#8243; _module_preset=&#8221;default&#8221; type=&#8221;4_4&#8243; theme_builder_area=&#8221;post_content&#8221;][et_pb_text _builder_version=&#8221;4.19.5&#8243; _module_preset=&#8221;default&#8221; theme_builder_area=&#8221;post_content&#8221; hover_enabled=&#8221;0&#8243; sticky_enabled=&#8221;0&#8243;]<\/p>\n<p style=\"text-align: justify;\"><img loading=\"lazy\" decoding=\"async\" src=\"https:\/\/www.slavonski-planinari.hr\/arhiva\/wp-content\/uploads\/2023\/02\/dan_SP_2022_za_plakat-1024x562.jpg\" width=\"1024\" height=\"562\" alt=\"\" class=\"wp-image-5788 aligncenter size-large\" srcset=\"https:\/\/www.slavonski-planinari.hr\/arhiva\/wp-content\/uploads\/2023\/02\/dan_SP_2022_za_plakat-980x537.jpg 980w, https:\/\/www.slavonski-planinari.hr\/arhiva\/wp-content\/uploads\/2023\/02\/dan_SP_2022_za_plakat-480x263.jpg 480w\" sizes=\"(min-width: 0px) and (max-width: 480px) 480px, (min-width: 481px) and (max-width: 980px) 980px, (min-width: 981px) 1024px, 100vw\" \/><\/p>\n<p style=\"text-align: justify;\">\n<p style=\"text-align: justify;\">\n<p style=\"text-align: justify;\">PROGRAM:<\/p>\n<p style=\"text-align: justify;\">6:00 &#8211; polazak na Jubilarnu stazu SPP-a: dom &#8211; Vrani kamen &#8211; Crni vrh &#8211; Me\u0111a &#8211; V. Stan\u010devac &#8211; Slivin most \u2013 dom, povratak oko 13 sati, isklju\u010divo za dobre hoda\u010de, ja\u010di tempo i kratke pauze, du\u017eina 23 km, dijelom nemarkirano, obavezne prijave na 0911814119 ili mailom: slavonski.planinari@gmail.com<br \/>8:30 do 9:00 &#8211; okupljanje sudionika<\/p>\n<p style=\"text-align: justify;\">9:00 \u2013 otvorenje 70.Dana Slavonskih planinara<\/p>\n<p style=\"text-align: justify;\">9:30 \u2013 polazak na vo\u0111ene staze, standardna oprema za ni\u017ee gorje, ponijeti dovoljno vode<\/p>\n<p style=\"text-align: justify;\">DU\u017dA: dom &#8211; Bajina poljana &#8211; vidikovac Glama\u010dine &#8211; Slivin most &#8211; dom, du\u017eina 11 km, 3-4 sata hoda<\/p>\n<p style=\"text-align: justify;\">KRA\u0106A: dom &#8211; potok Toplica &#8211; Sko\u010daj &#8211; dom, du\u017eina 7 km, 2-3 sata hoda<\/p>\n<p style=\"text-align: justify;\">bez vodi\u010da, po volji &#8211; Petrov vrh, oko 10 min uspona od doma<\/p>\n<p style=\"text-align: justify;\">od 12:30 &#8211; ru\u010dak, dru\u017eenje i sportsko-zabavni program<\/p>\n<p style=\"text-align: justify;\">u ponudi je GRAH a za gurmane: JANJETINA S RA\u017dNJA<\/p>\n<p style=\"text-align: justify;\">DRU\u017dENJE UZ \u017dIVU GLAZBU<\/p>\n<p style=\"text-align: justify;\">od 14:00 &#8211; slu\u017ebeno otvorenje izlo\u017ebe prigodom 65 godina SPPa i 60 godina SP<\/p>\n<p style=\"text-align: justify;\">&#8211; dodjela priznanja Kamilo Firinger za turni obilazak SPP ili 5 ovjerenih dnevnika SPP<\/p>\n<p style=\"text-align: justify;\">za period 2020. &#8211; 2022. (do 31.kolovoza)<\/p>\n<p style=\"text-align: justify;\">&#8211; prodaja i ovjera dnevnika SPP i 5uPG, prigodni pe\u010dat 70.DSP<\/p>\n<p style=\"text-align: justify;\">oko 16 sati progla\u0161enje rezultata u natjecanjima, podjela zahvalnica i slu\u017ebeno zatvaranje manifestacije<\/p>\n<p style=\"text-align: justify;\">Dobro do\u0161li na Petrov vrh !!!<\/p>\n<p style=\"text-align: justify;\">Molimo prijavite dolazak najkasnije do petka, 9.09.2022. u 12 sati, kako bi mogli osigurati logistiku.<\/p>\n<p style=\"text-align: justify;\">Program je podlo\u017ean promjenama. Informacije na web i facebook stranicama udruge Slavonski planinari.<\/p>\n<p style=\"text-align: justify;\">Informacije i prijave:<\/p>\n<p style=\"text-align: justify;\">Tihomir Djedovi\u0107, PD Petrov vrh, 091\/1500-203, tihomir.djedovic@bj.t-com.hr<br \/>Otmar Tosenberger: 091\/1814-119, e-mail: slavonski.planinari@gmail.com<br \/>&#8230;&#8230;&#8230;&#8230;&#8230;.<\/p>\n<p style=\"text-align: justify;\">VA\u017dNO:<\/p>\n<p style=\"text-align: justify;\">&#8211; planinarski dom Petrov vrh je na dnevnom raspolaganju posjetiteljima a za no\u0107enje je obvezna najava:<\/p>\n<p style=\"text-align: justify;\">Tihomir Djedovi\u0107, 091\/1500-203, tihomir.djedovic@bj.t-com.hr<br \/>&#8211; mogu\u0107e je kampiranje pored doma, uz obvezan dogovor s domarom<\/p>\n<p style=\"text-align: justify;\">&#8211; hoda\u010dki program organiziraju i vode licencirani planinarski vodi\u010di HPS, u skladu s pravilima<\/p>\n<p style=\"text-align: justify;\">slu\u017ebe a sudionici se uklju\u010duju po vlastitom odabiru i na osobnu odgovornost.<\/p>\n<p style=\"text-align: justify;\">&#8211; za slu\u010daj potrebe de\u017euraju \u010dlanovi HGSS stanica Bjelovar<\/p>\n<p>[\/et_pb_text][\/et_pb_column][\/et_pb_row][\/et_pb_section]<\/p>\n","protected":false},"excerpt":{"rendered":"<p>PROGRAM: 6:00 &#8211; polazak na Jubilarnu stazu SPP-a: dom &#8211; Vrani kamen &#8211; Crni vrh &#8211; Me\u0111a &#8211; V. Stan\u010devac &#8211; Slivin most \u2013 dom, povratak oko 13 sati, isklju\u010divo za dobre hoda\u010de, ja\u010di tempo i kratke pauze, du\u017eina 23 km, dijelom nemarkirano, obavezne prijave na 0911814119 ili mailom: slavonski.planinari@gmail.com8:30 do 9:00 &#8211; okupljanje sudionika [&hellip;]<\/p>\n","protected":false},"author":1,"featured_media":0,"comment_status":"closed","ping_status":"open","sticky":false,"template":"","format":"standard","meta":{"_et_pb_use_builder":"on","_et_pb_old_content":"","_et_gb_content_width":"1080","footnotes":""},"categories":[37],"tags":[],"class_list":["post-5785","post","type-post","status-publish","format-standard","hentry","category-37"],"_links":{"self":[{"href":"https:\/\/www.slavonski-planinari.hr\/arhiva\/wp-json\/wp\/v2\/posts\/5785","targetHints":{"allow":["GET"]}}],"collection":[{"href":"https:\/\/www.slavonski-planinari.hr\/arhiva\/wp-json\/wp\/v2\/posts"}],"about":[{"href":"https:\/\/www.slavonski-planinari.hr\/arhiva\/wp-json\/wp\/v2\/types\/post"}],"author":[{"embeddable":true,"href":"https:\/\/www.slavonski-planinari.hr\/arhiva\/wp-json\/wp\/v2\/users\/1"}],"replies":[{"embeddable":true,"href":"https:\/\/www.slavonski-planinari.hr\/arhiva\/wp-json\/wp\/v2\/comments?post=5785"}],"version-history":[{"count":0,"href":"https:\/\/www.slavonski-planinari.hr\/arhiva\/wp-json\/wp\/v2\/posts\/5785\/revisions"}],"wp:attachment":[{"href":"https:\/\/www.slavonski-planinari.hr\/arhiva\/wp-json\/wp\/v2\/media?parent=5785"}],"wp:term":[{"taxonomy":"category","embeddable":true,"href":"https:\/\/www.slavonski-planinari.hr\/arhiva\/wp-json\/wp\/v2\/categories?post=5785"},{"taxonomy":"post_tag","embeddable":true,"href":"https:\/\/www.slavonski-planinari.hr\/arhiva\/wp-json\/wp\/v2\/tags?post=5785"}],"curies":[{"name":"wp","href":"https:\/\/api.w.org\/{rel}","templated":true}]}}