{"id":5781,"date":"2022-08-22T11:31:00","date_gmt":"2022-08-22T10:31:00","guid":{"rendered":"https:\/\/www.slavonski-planinari.hr\/arhiva\/?p=5781"},"modified":"2023-02-15T11:33:43","modified_gmt":"2023-02-15T10:33:43","slug":"8-pohod-na-frusku-goru","status":"publish","type":"post","link":"https:\/\/www.slavonski-planinari.hr\/arhiva\/8-pohod-na-frusku-goru\/","title":{"rendered":"8. pohod na Fru\u0161ku goru"},"content":{"rendered":"<p>[et_pb_section fb_built=&#8221;1&#8243; theme_builder_area=&#8221;post_content&#8221; _builder_version=&#8221;4.19.5&#8243; _module_preset=&#8221;default&#8221;][et_pb_row _builder_version=&#8221;4.19.5&#8243; _module_preset=&#8221;default&#8221; theme_builder_area=&#8221;post_content&#8221;][et_pb_column _builder_version=&#8221;4.19.5&#8243; _module_preset=&#8221;default&#8221; type=&#8221;4_4&#8243; theme_builder_area=&#8221;post_content&#8221;][et_pb_text _builder_version=&#8221;4.19.5&#8243; _module_preset=&#8221;default&#8221; theme_builder_area=&#8221;post_content&#8221; hover_enabled=&#8221;0&#8243; sticky_enabled=&#8221;0&#8243;]<\/p>\n<p style=\"text-align: justify;\"><img loading=\"lazy\" decoding=\"async\" src=\"https:\/\/www.slavonski-planinari.hr\/arhiva\/wp-content\/uploads\/2023\/02\/8-pohod-na-frusku-goru-300x169.jpg\" width=\"300\" height=\"169\" alt=\"\" class=\"wp-image-5783 aligncenter size-medium\" \/><\/p>\n<p style=\"text-align: justify;\">\n<p style=\"text-align: justify;\">\n<p style=\"text-align: justify;\">U nedjelju, 04. rujna 2022. godine Hrvatsko planinarsko dru\u0161tvo \u201cCibalia\u201d iz Vinkovaca organizira tradicionalan izlet \u2013 8. pohod na Fru\u0161ku goru.<\/p>\n<p style=\"text-align: justify;\">Po planu, organizira se hodanje u dvije grupe planinara koje \u0107e se kretati istom stazom ali sa razli\u010ditim duljinama puta: \u2013 kra\u0107a od 9,5 km koja ide od Slova\u010dke ku\u0107e do Kontrolne to\u010dke Skandala odakle \u0107e se planinari organizirano prevoze na po\u010detnu to\u010dku, i \u2013 du\u017ea od 16 km kojom se kru\u017eno vra\u0107a do Slova\u010dke ku\u0107e<\/p>\n<p style=\"text-align: justify;\">Za \u010dlanove HPD Cibalia organiziran je besplatan prijevoz autobusom iz Vinkovaca, ispred hotela \u201cSlavonija\u201d u nedjelju 04. 09. 2022. godine u 06,30 sati.<\/p>\n<p style=\"text-align: justify;\">Okupljanje gostuju\u0107ih planinara je u Rado\u0161u, ispred Slova\u010dke ku\u0107e.<\/p>\n<p style=\"text-align: justify;\">Polazak na stazu je u 09,00 sati.<\/p>\n<p style=\"text-align: justify;\">Na cilju, odnosno u Slova\u010dkoj ku\u0107i organiziran je ru\u010dak i pi\u0107e po popularnim cijenama.<\/p>\n<p style=\"text-align: justify;\">Poslije okrijepe dru\u017eenje na prostoru Slova\u010dke ku\u0107e.<\/p>\n<p style=\"text-align: justify;\">Prijave za izlet najkasnije do 24. kolovoza 2022. godine ili do popunjavanja predvi\u0111enog broja izletnika.<\/p>\n<p style=\"text-align: justify;\"><a href=\"https:\/\/www.hpdcibaliavinkovci.hr\/2022-09-04-nedjelja-8-pohod-na-frusku-goru\/\">https:\/\/www.hpdcibaliavinkovci.hr\/2022-09-04-nedjelja-8-pohod-na-frusku-goru\/<\/a><\/p>\n<p>[\/et_pb_text][\/et_pb_column][\/et_pb_row][\/et_pb_section]<\/p>\n","protected":false},"excerpt":{"rendered":"<p>U nedjelju, 04. rujna 2022. godine Hrvatsko planinarsko dru\u0161tvo \u201cCibalia\u201d iz Vinkovaca organizira tradicionalan izlet \u2013 8. pohod na Fru\u0161ku goru. Po planu, organizira se hodanje u dvije grupe planinara koje \u0107e se kretati istom stazom ali sa razli\u010ditim duljinama puta: \u2013 kra\u0107a od 9,5 km koja ide od Slova\u010dke ku\u0107e do Kontrolne to\u010dke Skandala [&hellip;]<\/p>\n","protected":false},"author":1,"featured_media":0,"comment_status":"closed","ping_status":"open","sticky":false,"template":"","format":"standard","meta":{"_et_pb_use_builder":"on","_et_pb_old_content":"","_et_gb_content_width":"1080","footnotes":""},"categories":[37],"tags":[],"class_list":["post-5781","post","type-post","status-publish","format-standard","hentry","category-37"],"_links":{"self":[{"href":"https:\/\/www.slavonski-planinari.hr\/arhiva\/wp-json\/wp\/v2\/posts\/5781","targetHints":{"allow":["GET"]}}],"collection":[{"href":"https:\/\/www.slavonski-planinari.hr\/arhiva\/wp-json\/wp\/v2\/posts"}],"about":[{"href":"https:\/\/www.slavonski-planinari.hr\/arhiva\/wp-json\/wp\/v2\/types\/post"}],"author":[{"embeddable":true,"href":"https:\/\/www.slavonski-planinari.hr\/arhiva\/wp-json\/wp\/v2\/users\/1"}],"replies":[{"embeddable":true,"href":"https:\/\/www.slavonski-planinari.hr\/arhiva\/wp-json\/wp\/v2\/comments?post=5781"}],"version-history":[{"count":0,"href":"https:\/\/www.slavonski-planinari.hr\/arhiva\/wp-json\/wp\/v2\/posts\/5781\/revisions"}],"wp:attachment":[{"href":"https:\/\/www.slavonski-planinari.hr\/arhiva\/wp-json\/wp\/v2\/media?parent=5781"}],"wp:term":[{"taxonomy":"category","embeddable":true,"href":"https:\/\/www.slavonski-planinari.hr\/arhiva\/wp-json\/wp\/v2\/categories?post=5781"},{"taxonomy":"post_tag","embeddable":true,"href":"https:\/\/www.slavonski-planinari.hr\/arhiva\/wp-json\/wp\/v2\/tags?post=5781"}],"curies":[{"name":"wp","href":"https:\/\/api.w.org\/{rel}","templated":true}]}}