{"id":5775,"date":"2022-08-19T11:27:00","date_gmt":"2022-08-19T10:27:00","guid":{"rendered":"https:\/\/www.slavonski-planinari.hr\/arhiva\/?p=5775"},"modified":"2023-02-15T11:31:15","modified_gmt":"2023-02-15T10:31:15","slug":"ii-memorijalni-pohod-planinarskom-obilaznicom-dr-andrija-stampar","status":"publish","type":"post","link":"https:\/\/www.slavonski-planinari.hr\/arhiva\/ii-memorijalni-pohod-planinarskom-obilaznicom-dr-andrija-stampar\/","title":{"rendered":"II. Memorijalni pohod Planinarskom obilaznicom dr. Andrija \u0160tampar"},"content":{"rendered":"<p>[et_pb_section fb_built=&#8221;1&#8243; theme_builder_area=&#8221;post_content&#8221; _builder_version=&#8221;4.19.5&#8243; _module_preset=&#8221;default&#8221; custom_padding=&#8221;||154px|||&#8221;][et_pb_row _builder_version=&#8221;4.19.5&#8243; _module_preset=&#8221;default&#8221; theme_builder_area=&#8221;post_content&#8221;][et_pb_column _builder_version=&#8221;4.19.5&#8243; _module_preset=&#8221;default&#8221; type=&#8221;4_4&#8243; theme_builder_area=&#8221;post_content&#8221;][et_pb_text _builder_version=&#8221;4.19.5&#8243; _module_preset=&#8221;default&#8221; theme_builder_area=&#8221;post_content&#8221; hover_enabled=&#8221;0&#8243; sticky_enabled=&#8221;0&#8243;]<\/p>\n<p><img loading=\"lazy\" decoding=\"async\" src=\"https:\/\/www.slavonski-planinari.hr\/arhiva\/wp-content\/uploads\/2023\/02\/andrija-stampar-2022-300x218.jpg\" width=\"300\" height=\"218\" alt=\"\" class=\"wp-image-5778 aligncenter size-medium\" \/><\/p>\n<p>&nbsp;<\/p>\n<p style=\"text-align: justify;\">II. Memorijalni pohod Planinarskom obilaznicom dr. Andrija \u0160tampar, koja \u0107e se odr\u017eati 3. rujna 2022. godine u Brodskom Drenovcu.<\/p>\n<p><a href=\"https:\/\/www.slavonski-planinari.hr\/arhiva\/wp-content\/uploads\/2023\/02\/POZIVNICA_2_POHOD_PO_A_Stampar_Viljevo.docx\" rel=\"attachment wp-att-5779\">POZIVNICA<\/a><\/p>\n<p>[\/et_pb_text][\/et_pb_column][\/et_pb_row][\/et_pb_section]<\/p>\n","protected":false},"excerpt":{"rendered":"<p>&nbsp; II. Memorijalni pohod Planinarskom obilaznicom dr. Andrija \u0160tampar, koja \u0107e se odr\u017eati 3. rujna 2022. godine u Brodskom Drenovcu. POZIVNICA<\/p>\n","protected":false},"author":1,"featured_media":0,"comment_status":"closed","ping_status":"open","sticky":false,"template":"","format":"standard","meta":{"_et_pb_use_builder":"on","_et_pb_old_content":"","_et_gb_content_width":"1080","footnotes":""},"categories":[37],"tags":[],"class_list":["post-5775","post","type-post","status-publish","format-standard","hentry","category-37"],"_links":{"self":[{"href":"https:\/\/www.slavonski-planinari.hr\/arhiva\/wp-json\/wp\/v2\/posts\/5775","targetHints":{"allow":["GET"]}}],"collection":[{"href":"https:\/\/www.slavonski-planinari.hr\/arhiva\/wp-json\/wp\/v2\/posts"}],"about":[{"href":"https:\/\/www.slavonski-planinari.hr\/arhiva\/wp-json\/wp\/v2\/types\/post"}],"author":[{"embeddable":true,"href":"https:\/\/www.slavonski-planinari.hr\/arhiva\/wp-json\/wp\/v2\/users\/1"}],"replies":[{"embeddable":true,"href":"https:\/\/www.slavonski-planinari.hr\/arhiva\/wp-json\/wp\/v2\/comments?post=5775"}],"version-history":[{"count":0,"href":"https:\/\/www.slavonski-planinari.hr\/arhiva\/wp-json\/wp\/v2\/posts\/5775\/revisions"}],"wp:attachment":[{"href":"https:\/\/www.slavonski-planinari.hr\/arhiva\/wp-json\/wp\/v2\/media?parent=5775"}],"wp:term":[{"taxonomy":"category","embeddable":true,"href":"https:\/\/www.slavonski-planinari.hr\/arhiva\/wp-json\/wp\/v2\/categories?post=5775"},{"taxonomy":"post_tag","embeddable":true,"href":"https:\/\/www.slavonski-planinari.hr\/arhiva\/wp-json\/wp\/v2\/tags?post=5775"}],"curies":[{"name":"wp","href":"https:\/\/api.w.org\/{rel}","templated":true}]}}