{"id":5766,"date":"2022-07-12T11:16:00","date_gmt":"2022-07-12T10:16:00","guid":{"rendered":"https:\/\/www.slavonski-planinari.hr\/arhiva\/?p=5766"},"modified":"2023-02-15T11:24:47","modified_gmt":"2023-02-15T10:24:47","slug":"branko-tivanovac-04-10-1957-11-07-2022","status":"publish","type":"post","link":"https:\/\/www.slavonski-planinari.hr\/arhiva\/branko-tivanovac-04-10-1957-11-07-2022\/","title":{"rendered":"Branko Tivanovac, 04.10.1957. &#8211; 11.07.2022."},"content":{"rendered":"<p>[et_pb_section fb_built=&#8221;1&#8243; theme_builder_area=&#8221;post_content&#8221; _builder_version=&#8221;4.19.5&#8243; _module_preset=&#8221;default&#8221;][et_pb_row _builder_version=&#8221;4.19.5&#8243; _module_preset=&#8221;default&#8221; theme_builder_area=&#8221;post_content&#8221;][et_pb_column _builder_version=&#8221;4.19.5&#8243; _module_preset=&#8221;default&#8221; type=&#8221;4_4&#8243; theme_builder_area=&#8221;post_content&#8221;][et_pb_text _builder_version=&#8221;4.19.5&#8243; _module_preset=&#8221;default&#8221; theme_builder_area=&#8221;post_content&#8221; hover_enabled=&#8221;0&#8243; sticky_enabled=&#8221;0&#8243;]<\/p>\n<p style=\"text-align: justify;\"><img loading=\"lazy\" decoding=\"async\" src=\"https:\/\/www.slavonski-planinari.hr\/arhiva\/wp-content\/uploads\/2023\/02\/branko-tivanovac.jpg\" width=\"800\" height=\"451\" alt=\"\" class=\"wp-image-5768 aligncenter size-full\" srcset=\"https:\/\/www.slavonski-planinari.hr\/arhiva\/wp-content\/uploads\/2023\/02\/branko-tivanovac.jpg 800w, https:\/\/www.slavonski-planinari.hr\/arhiva\/wp-content\/uploads\/2023\/02\/branko-tivanovac-480x271.jpg 480w\" sizes=\"(min-width: 0px) and (max-width: 480px) 480px, (min-width: 481px) 800px, 100vw\" \/><\/p>\n<p style=\"text-align: justify;\">Nevjerica a potom bol i tuga su nas obuzeli \u010duv\u0161i da smo ostali bez svojeg najdra\u017eeg doma\u0107ina i prijatelja &#8211; na\u0161eg Tivana. Istinskog planinara i ljubitelja prirode&#8230; \u010dovjeka koji se odrekao vlastite privatnosti da bi na krndijskim obroncima uredio uto\u010di\u0161te za svoje prijatelje, mjesto smijeha, veselja i uvijek pozitivne atmosfere.<\/p>\n<p style=\"text-align: justify;\">Akcije Zadnja prvoga i Prva zadnjega za\u0161titni znak su ku\u0107e Tivanovo i HPD Sunovrat, kada smo se tradicionalno okupljali, gazili Krndijom i dru\u017eili se u hladnim zimskim mjesecima.<\/p>\n<p style=\"text-align: justify;\">Dolazili smo i kroz godinu&#8230; znalo se gdje stoji klju\u010d&#8230;<\/p>\n<p style=\"text-align: justify;\">Rado su dolazili biciklisti i trka\u010di, na treninge i natjecanja a vodi\u010di i gorski spa\u0161avatelji odr\u017eavali vje\u017ebe.<\/p>\n<p style=\"text-align: justify;\">To je bilo Tivanovo u Gazijama jer je Branko bio ono \u0161to ga je \u010dinilo na\u0161im drugim domom. Svi mi ljubitelji Krndije, na neki smo na\u010din ostali besku\u0107nici jer je du\u0161a njegova napustila ovaj svijet &#8230;.<\/p>\n<p style=\"text-align: justify;\">Hvala ti za sve, \u017eivjet \u0107e\u0161 vje\u010dno u na\u0161im srcima&#8230;<\/p>\n<p style=\"text-align: justify;\">Posljednji ispra\u0107aj \u0107e se odr\u017eati na groblju u \u0160aptinovcima, u srijedu, 13. srpnja 2022., u 16:00 sati.<\/p>\n<p style=\"text-align: justify;\">Po\u010divao u miru Bo\u017ejem!<\/p>\n<p>[\/et_pb_text][\/et_pb_column][\/et_pb_row][\/et_pb_section]<\/p>\n","protected":false},"excerpt":{"rendered":"<p>Nevjerica a potom bol i tuga su nas obuzeli \u010duv\u0161i da smo ostali bez svojeg najdra\u017eeg doma\u0107ina i prijatelja &#8211; na\u0161eg Tivana. Istinskog planinara i ljubitelja prirode&#8230; \u010dovjeka koji se odrekao vlastite privatnosti da bi na krndijskim obroncima uredio uto\u010di\u0161te za svoje prijatelje, mjesto smijeha, veselja i uvijek pozitivne atmosfere. Akcije Zadnja prvoga i Prva [&hellip;]<\/p>\n","protected":false},"author":1,"featured_media":0,"comment_status":"closed","ping_status":"open","sticky":false,"template":"","format":"standard","meta":{"_et_pb_use_builder":"on","_et_pb_old_content":"","_et_gb_content_width":"1080","footnotes":""},"categories":[37],"tags":[],"class_list":["post-5766","post","type-post","status-publish","format-standard","hentry","category-37"],"_links":{"self":[{"href":"https:\/\/www.slavonski-planinari.hr\/arhiva\/wp-json\/wp\/v2\/posts\/5766","targetHints":{"allow":["GET"]}}],"collection":[{"href":"https:\/\/www.slavonski-planinari.hr\/arhiva\/wp-json\/wp\/v2\/posts"}],"about":[{"href":"https:\/\/www.slavonski-planinari.hr\/arhiva\/wp-json\/wp\/v2\/types\/post"}],"author":[{"embeddable":true,"href":"https:\/\/www.slavonski-planinari.hr\/arhiva\/wp-json\/wp\/v2\/users\/1"}],"replies":[{"embeddable":true,"href":"https:\/\/www.slavonski-planinari.hr\/arhiva\/wp-json\/wp\/v2\/comments?post=5766"}],"version-history":[{"count":0,"href":"https:\/\/www.slavonski-planinari.hr\/arhiva\/wp-json\/wp\/v2\/posts\/5766\/revisions"}],"wp:attachment":[{"href":"https:\/\/www.slavonski-planinari.hr\/arhiva\/wp-json\/wp\/v2\/media?parent=5766"}],"wp:term":[{"taxonomy":"category","embeddable":true,"href":"https:\/\/www.slavonski-planinari.hr\/arhiva\/wp-json\/wp\/v2\/categories?post=5766"},{"taxonomy":"post_tag","embeddable":true,"href":"https:\/\/www.slavonski-planinari.hr\/arhiva\/wp-json\/wp\/v2\/tags?post=5766"}],"curies":[{"name":"wp","href":"https:\/\/api.w.org\/{rel}","templated":true}]}}