{"id":5762,"date":"2022-07-05T11:12:00","date_gmt":"2022-07-05T10:12:00","guid":{"rendered":"https:\/\/www.slavonski-planinari.hr\/arhiva\/?p=5762"},"modified":"2023-02-15T11:15:31","modified_gmt":"2023-02-15T10:15:31","slug":"turno-spp-robert-bernat","status":"publish","type":"post","link":"https:\/\/www.slavonski-planinari.hr\/arhiva\/turno-spp-robert-bernat\/","title":{"rendered":"Turno SPP &#8211; Robert Bernat"},"content":{"rendered":"<p>[et_pb_section fb_built=&#8221;1&#8243; theme_builder_area=&#8221;post_content&#8221; _builder_version=&#8221;4.19.5&#8243; _module_preset=&#8221;default&#8221;][et_pb_row _builder_version=&#8221;4.19.5&#8243; _module_preset=&#8221;default&#8221; theme_builder_area=&#8221;post_content&#8221;][et_pb_column _builder_version=&#8221;4.19.5&#8243; _module_preset=&#8221;default&#8221; type=&#8221;4_4&#8243; theme_builder_area=&#8221;post_content&#8221;][et_pb_text _builder_version=&#8221;4.19.5&#8243; _module_preset=&#8221;default&#8221; theme_builder_area=&#8221;post_content&#8221; hover_enabled=&#8221;0&#8243; sticky_enabled=&#8221;0&#8243;]<\/p>\n<p style=\"text-align: justify;\"><strong><img loading=\"lazy\" decoding=\"async\" src=\"https:\/\/www.slavonski-planinari.hr\/arhiva\/wp-content\/uploads\/2023\/02\/turno-robert-bernat-2022-225x300.jpg\" width=\"225\" height=\"300\" alt=\"\" class=\"wp-image-5764 aligncenter size-medium\" \/><\/strong><\/p>\n<p style=\"text-align: justify;\"><strong>\u010cESTITAMO!!!!<\/strong><\/p>\n<p style=\"text-align: justify;\">Robert Bernat iz Donje Zeline, uspje\u0161no je zavr\u0161io svoj turni obilazak Slavonskog planinarskog puta.<br \/>Svoj obilazak zapo\u010deo je 29.06. na KT 1 Petrov vrh. Prvi dan je pro\u0161ao dionicu sve do planinarske ku\u0107e Strmac. Drugi dan uz nesnosne vru\u0107ine prehodao je dionicu do Bu\u010dja preko Babje i Po\u017ee\u0161ke gore. Tre\u0107i dan gazi opet po velikim vru\u0107inama do planinarskog doma &#8220;\u0110uro Pilar&#8221; u Slavonskom Brodu. Napokon tu no\u0107 dolazi blago osvje\u017eenje u vidu pljuska pa dan nakon toga uspje\u0161no prevaljuje dionicu do novoure\u0111ene pl. ku\u0107e &#8220;Krndija&#8221; u Lond\u017eici. Predzadnji dan gazi Krndijom i Papukom do preno\u0107i\u0161ta u skloni\u0161tu na Nevolja\u0161u. I nakon 6 dana 04.07. oko 20 sati dolazi na po\u010detnu to\u010dku svoga puta Petrov vrh.<br \/>Kao podsjetnik samo da napomenemo u tih 6 dana je pre\u0161ao oko 300 km i nakupio preko 10.000 m visinske razlike. Iskrene \u010destitke jo\u0161 jednom!<\/p>\n<p>[\/et_pb_text][\/et_pb_column][\/et_pb_row][\/et_pb_section]<\/p>\n","protected":false},"excerpt":{"rendered":"<p>\u010cESTITAMO!!!! Robert Bernat iz Donje Zeline, uspje\u0161no je zavr\u0161io svoj turni obilazak Slavonskog planinarskog puta.Svoj obilazak zapo\u010deo je 29.06. na KT 1 Petrov vrh. Prvi dan je pro\u0161ao dionicu sve do planinarske ku\u0107e Strmac. Drugi dan uz nesnosne vru\u0107ine prehodao je dionicu do Bu\u010dja preko Babje i Po\u017ee\u0161ke gore. Tre\u0107i dan gazi opet po velikim [&hellip;]<\/p>\n","protected":false},"author":1,"featured_media":0,"comment_status":"closed","ping_status":"open","sticky":false,"template":"","format":"standard","meta":{"_et_pb_use_builder":"on","_et_pb_old_content":"","_et_gb_content_width":"1080","footnotes":""},"categories":[37],"tags":[],"class_list":["post-5762","post","type-post","status-publish","format-standard","hentry","category-37"],"_links":{"self":[{"href":"https:\/\/www.slavonski-planinari.hr\/arhiva\/wp-json\/wp\/v2\/posts\/5762","targetHints":{"allow":["GET"]}}],"collection":[{"href":"https:\/\/www.slavonski-planinari.hr\/arhiva\/wp-json\/wp\/v2\/posts"}],"about":[{"href":"https:\/\/www.slavonski-planinari.hr\/arhiva\/wp-json\/wp\/v2\/types\/post"}],"author":[{"embeddable":true,"href":"https:\/\/www.slavonski-planinari.hr\/arhiva\/wp-json\/wp\/v2\/users\/1"}],"replies":[{"embeddable":true,"href":"https:\/\/www.slavonski-planinari.hr\/arhiva\/wp-json\/wp\/v2\/comments?post=5762"}],"version-history":[{"count":0,"href":"https:\/\/www.slavonski-planinari.hr\/arhiva\/wp-json\/wp\/v2\/posts\/5762\/revisions"}],"wp:attachment":[{"href":"https:\/\/www.slavonski-planinari.hr\/arhiva\/wp-json\/wp\/v2\/media?parent=5762"}],"wp:term":[{"taxonomy":"category","embeddable":true,"href":"https:\/\/www.slavonski-planinari.hr\/arhiva\/wp-json\/wp\/v2\/categories?post=5762"},{"taxonomy":"post_tag","embeddable":true,"href":"https:\/\/www.slavonski-planinari.hr\/arhiva\/wp-json\/wp\/v2\/tags?post=5762"}],"curies":[{"name":"wp","href":"https:\/\/api.w.org\/{rel}","templated":true}]}}