{"id":5572,"date":"2022-06-02T08:54:00","date_gmt":"2022-06-02T07:54:00","guid":{"rendered":"https:\/\/www.slavonski-planinari.hr\/arhiva\/?p=5572"},"modified":"2023-02-08T08:57:15","modified_gmt":"2023-02-08T07:57:15","slug":"tradicionalni-susret-planinara-pjesnika-i-slikara-na-sovskom-jezeru","status":"publish","type":"post","link":"https:\/\/www.slavonski-planinari.hr\/arhiva\/tradicionalni-susret-planinara-pjesnika-i-slikara-na-sovskom-jezeru\/","title":{"rendered":"Tradicionalni susret planinara pjesnika i slikara na Sovskom jezeru"},"content":{"rendered":"<p>[et_pb_section fb_built=&#8221;1&#8243; theme_builder_area=&#8221;post_content&#8221; _builder_version=&#8221;4.19.5&#8243; _module_preset=&#8221;default&#8221;][et_pb_row _builder_version=&#8221;4.19.5&#8243; _module_preset=&#8221;default&#8221; theme_builder_area=&#8221;post_content&#8221;][et_pb_column _builder_version=&#8221;4.19.5&#8243; _module_preset=&#8221;default&#8221; type=&#8221;4_4&#8243; theme_builder_area=&#8221;post_content&#8221;][et_pb_text _builder_version=&#8221;4.19.5&#8243; _module_preset=&#8221;default&#8221; theme_builder_area=&#8221;post_content&#8221; hover_enabled=&#8221;0&#8243; sticky_enabled=&#8221;0&#8243;]<\/p>\n<p style=\"text-align: justify;\"><span>HPD ,,Sokolovac&#8221; Po\u017eega i Sekcija ,,Ru\u0161evo&#8221; ovog vikenda organizirali su tradicionalnu planinarsko-kulturnu manifestaciju &#8221; Susret planinara pjesnika i slikara&#8221; koja se je odr\u017eala na Sovskom jezeru. Ova manifestacija se odr\u017eava vi\u0161e od 30 godina te je nezaobilazan doga\u0111aj u planinarskom kalendaru dru\u0161tava iz cijele Slavonija. Okupljanja planinara je bilo predvi\u0111eno u Ru\u0161evu &#8220;kod kri\u017ea&#8221; gdje su doma\u0107ini priredili planinarski doru\u010dak te okrjepu poznatih pi\u0107a ovoga kraja. Nakon pozdravnih govora planinari iz desetak planinarskih Dru\u0161tva iz Slavonije krenuli su put Sovskog jezera na poznate staze, puteljke i cestu koja ispresijeca prekrasne predjele Dilj gore. S obzirom na to da je cilj izleta bio u\u017eivanje i dru\u017eenje planinarska staza nije bila zahtjevna te je trajala oko 3 sata uz nekoliko pauza. Hodaju\u0107i prekrasnim gorskim predjelima planinarska dru\u017eina ima je prilike upoznati se s brojnim vrstama biljaka i cvije\u0107a koji se nalaze na ovom dijelu. Nakon ugodnog hodanja i razgledanja te prekrasnih pogleda kod Vidikovca planinari su stigli do Sovskog jezera koje je dobilo nove konture s drvenom \u0161etnicom oko samoj jezera. Punih plu\u0107a i vidno zadovoljni izletom oko stotinjak ljudi se okupilo oko sjenice gdje je bio predvi\u0111en i slu\u017ebeni program manifestacije. Na doga\u0111aj se prijavio veliki broj pjesnika i jedna slikarica g. Dragica \u010cuturilo- Petra\u010d koja je tom prilikom za nagra\u0111ene pripremila slike te napravila prigodnu izlo\u017ebu u prirodi. Komisija u sastavu \u017deljka Vuleti\u0107, Marina Lazar iz PD &#8220;Krndija&#8221; Na\u0161ice te dva predstavnika iz HPD &#8220;Sokolovac&#8221; Po\u017eega imala je pune ruke posla jer je ove godine konkurencija bilo iznimno jaka. Nakon pro\u010ditanih pjesama predsjednik HPD &#8220;Sokolovac&#8221; Po\u017eega Bruno Horvat dodijelio je nagrade i priznanja najuspje\u0161nijima. Prvo mjesto je osvojila Kata Tuti\u0107 (Hvala ti Bo\u017ee), drugo mjesto Verica Sinjakovi\u0107 (Napokon) i tre\u0107e mjesto Kornelija Fe\u0161i\u0161 (Nakon svega). Uz prigodne plakete svim laureatima i predstavnicima Dru\u0161tava dodijeljen je Po\u017ee\u0161ki pu\u010dki kalendar poznata publikacija ovoga kraja urednika Jelenka Topi\u0107a koja je rado vi\u0111eno \u0161tivo na ovakvim manifestacijama. Ispred pokrovitelja Op\u0107ine \u010caglin sve nazo\u010dne je pozdravio predsjednik Op\u0107inskog vije\u0107a \u017deljko \u0160uti\u0107 zatim predstavnik udruge za za\u0161titu Sovskog jezera i udruge &#8220;Slavonski planinari&#8221;.<\/span><br \/><span>Dugogodi\u0161nji vodi\u010d izleta i ove godine je bio poznati planinar Predrag Livak koji je podijelio prigodne materijale Javne ustanove za upravljanje za\u0161ti\u0107enim podru\u010djem Po\u017ee\u0161ko-slavonske \u017eupanije. Nakon slu\u017ebenog programa nastavljeno je dru\u017eenje i zabava. Za organizaciju kvalitetnog planinarskog graha bio je zadu\u017een poznati kuhar ovoga kraja Alen Krajtner. U narednim godinama planira se da se navedena manifestacija pro\u0161iri i obogati s dodatnim sadr\u017eajima \u0161to je ujedno i najavio voditelj sekcije &#8220;Ru\u0161evo&#8221; \u017deljko Emi\u0107.<\/span><\/p>\n<p>[\/et_pb_text][et_pb_gallery _builder_version=&#8221;4.19.5&#8243; _module_preset=&#8221;default&#8221; theme_builder_area=&#8221;post_content&#8221; gallery_ids=&#8221;5574,5575,5576,5577,5578,5579,5580,5581,5582,5583,5584,5585,5586,5587&#8243; posts_number=&#8221;14&#8243; show_title_and_caption=&#8221;off&#8221; hover_enabled=&#8221;0&#8243; sticky_enabled=&#8221;0&#8243;][\/et_pb_gallery][\/et_pb_column][\/et_pb_row][\/et_pb_section]<\/p>\n","protected":false},"excerpt":{"rendered":"<p>HPD ,,Sokolovac&#8221; Po\u017eega i Sekcija ,,Ru\u0161evo&#8221; ovog vikenda organizirali su tradicionalnu planinarsko-kulturnu manifestaciju &#8221; Susret planinara pjesnika i slikara&#8221; koja se je odr\u017eala na Sovskom jezeru. Ova manifestacija se odr\u017eava vi\u0161e od 30 godina te je nezaobilazan doga\u0111aj u planinarskom kalendaru dru\u0161tava iz cijele Slavonija. Okupljanja planinara je bilo predvi\u0111eno u Ru\u0161evu &#8220;kod kri\u017ea&#8221; gdje [&hellip;]<\/p>\n","protected":false},"author":1,"featured_media":0,"comment_status":"closed","ping_status":"open","sticky":false,"template":"","format":"standard","meta":{"_et_pb_use_builder":"on","_et_pb_old_content":"","_et_gb_content_width":"1080","footnotes":""},"categories":[37],"tags":[],"class_list":["post-5572","post","type-post","status-publish","format-standard","hentry","category-37"],"_links":{"self":[{"href":"https:\/\/www.slavonski-planinari.hr\/arhiva\/wp-json\/wp\/v2\/posts\/5572","targetHints":{"allow":["GET"]}}],"collection":[{"href":"https:\/\/www.slavonski-planinari.hr\/arhiva\/wp-json\/wp\/v2\/posts"}],"about":[{"href":"https:\/\/www.slavonski-planinari.hr\/arhiva\/wp-json\/wp\/v2\/types\/post"}],"author":[{"embeddable":true,"href":"https:\/\/www.slavonski-planinari.hr\/arhiva\/wp-json\/wp\/v2\/users\/1"}],"replies":[{"embeddable":true,"href":"https:\/\/www.slavonski-planinari.hr\/arhiva\/wp-json\/wp\/v2\/comments?post=5572"}],"version-history":[{"count":0,"href":"https:\/\/www.slavonski-planinari.hr\/arhiva\/wp-json\/wp\/v2\/posts\/5572\/revisions"}],"wp:attachment":[{"href":"https:\/\/www.slavonski-planinari.hr\/arhiva\/wp-json\/wp\/v2\/media?parent=5572"}],"wp:term":[{"taxonomy":"category","embeddable":true,"href":"https:\/\/www.slavonski-planinari.hr\/arhiva\/wp-json\/wp\/v2\/categories?post=5572"},{"taxonomy":"post_tag","embeddable":true,"href":"https:\/\/www.slavonski-planinari.hr\/arhiva\/wp-json\/wp\/v2\/tags?post=5572"}],"curies":[{"name":"wp","href":"https:\/\/api.w.org\/{rel}","templated":true}]}}