{"id":5562,"date":"2022-05-13T08:46:00","date_gmt":"2022-05-13T07:46:00","guid":{"rendered":"https:\/\/www.slavonski-planinari.hr\/arhiva\/?p=5562"},"modified":"2023-02-08T08:50:03","modified_gmt":"2023-02-08T07:50:03","slug":"novosti-iz-udruge-slavonski-planinari","status":"publish","type":"post","link":"https:\/\/www.slavonski-planinari.hr\/arhiva\/novosti-iz-udruge-slavonski-planinari\/","title":{"rendered":"Novosti iz udruge Slavonski planinari"},"content":{"rendered":"<p>[et_pb_section fb_built=&#8221;1&#8243; theme_builder_area=&#8221;post_content&#8221; _builder_version=&#8221;4.19.5&#8243; _module_preset=&#8221;default&#8221;][et_pb_row _builder_version=&#8221;4.19.5&#8243; _module_preset=&#8221;default&#8221; theme_builder_area=&#8221;post_content&#8221;][et_pb_column _builder_version=&#8221;4.19.5&#8243; _module_preset=&#8221;default&#8221; type=&#8221;4_4&#8243; theme_builder_area=&#8221;post_content&#8221;][et_pb_text _builder_version=&#8221;4.19.5&#8243; _module_preset=&#8221;default&#8221; theme_builder_area=&#8221;post_content&#8221; hover_enabled=&#8221;0&#8243; sticky_enabled=&#8221;0&#8243;]<\/p>\n<p style=\"text-align: justify;\"><img loading=\"lazy\" decoding=\"async\" src=\"https:\/\/www.slavonski-planinari.hr\/arhiva\/wp-content\/uploads\/2023\/02\/logo-sp-60.jpg\" width=\"200\" height=\"200\" alt=\"\" class=\"wp-image-5564 aligncenter size-medium\" srcset=\"https:\/\/www.slavonski-planinari.hr\/arhiva\/wp-content\/uploads\/2023\/02\/logo-sp-60.jpg 200w, https:\/\/www.slavonski-planinari.hr\/arhiva\/wp-content\/uploads\/2023\/02\/logo-sp-60-150x150.jpg 150w\" sizes=\"(max-width: 200px) 100vw, 200px\" \/><\/p>\n<p style=\"text-align: justify;\">\n<p style=\"text-align: justify;\">\n<p style=\"text-align: justify;\">Udruga Slavonski planinari od 23.travnja ima novo vodstvo. Izborna Skup\u0161tina je odr\u017eana u \u0110akovu a Upravni odbor od 5 \u010dlanova \u010dine: Otmar Tosenberger (PD \u0110akovo)- predsjednik, Mario Ripli( HPD Papuk Virovitica)- dopredsjednik, Dra\u017een Mlinari\u0107 (HPD Klikun Pleternica), Igor Na\u0111 (HPD Cibalia Vinkovci) i Josip Zubak (PD Dilj gora, SL. Brod). Blagajnik, zadu\u017een za distribuciju i ovjeru dnevnika SPP i 5uPG, je Daniel Kri\u017eanec iz HPD Cibalia Vinkovci.<br \/>Iako je mandat po Statutu 4 godine, novi UO se obvezao dati ga na raspolaganje za godinu dana tj. na proljetnoj Skup\u0161tini u o\u017eujku 2023. Do tada \u0107e osigurati realizaciju tradicionalnih akcija SP i punu funkcionalnost obilaznica SPP i 5uPG te provesti \u0161iroku raspravu me\u0111u svim planinarskim udrugama regije o dugoro\u010dnom programskom i akcijskom djelovanju.<\/p>\n<div style=\"text-align: justify;\">Prva, konstituiraju\u0107a, sjednica UO SP, odr\u017eana je 12.svibnja u planinarskom domu Lapjak. Za tajnika je izabran Dra\u017een Mlinari\u0107 te potvr\u0111en izbor Nade Razumovi\u0107 za predsjednicu Nadzonog odbora i Zorka Steinera za predsjednika Suda \u010dasti. Slijedile su informacije o odra\u0111enim aktivnostima u primopredaji dokumentacije, arhive, dnevnika i dr. te preuzimanju i a\u017euriranju web, facebook i instagram stranica SP.<\/div>\n<p style=\"text-align: justify;\">Razmatrana je realizacija plana rada, usvojenog na Skup\u0161tini, na\u010din rada, prioriteti, zadu\u017eenja i rokovi. Kalendar aktivnosti \u010dlanica SP ( i drugih planinarskih dru\u0161tava iz Slavonije koja to \u017eele) objavljen je na web stranici SP.<\/p>\n<p style=\"text-align: justify;\">Nakon dvije godine pauze, organizira se 70. Dan Slavonskih planinara, u nedjelju, 11. rujna 2022. Doma\u0107in je PD Petrov vrh iz Daruvara, dru\u0161tva koje obilje\u017eava 90 godina od osnutka, a bit \u0107e to prigoda da se obilje\u017ei i 65 godina SPP-a.<\/p>\n<p style=\"text-align: justify;\">Odlu\u010deno je i da \u0107e se jesenska (programska) Skup\u0161tina SP odr\u017eati u subotu, 29. listopada. Tom prigodom \u0107e se obilje\u017eiti i 60 godina od osnutka Planinarskog saveza Kotara Osijek, koji je promjenom naziva u Planinarski odbor Slavonije (POS) pa Slavonski planinarski savez (SPS) do dana\u0161nje udruge Slavonski planinari (SP) djelovao u kontinuitetu.<\/p>\n<p>[\/et_pb_text][\/et_pb_column][\/et_pb_row][\/et_pb_section]<\/p>\n","protected":false},"excerpt":{"rendered":"<p>Udruga Slavonski planinari od 23.travnja ima novo vodstvo. Izborna Skup\u0161tina je odr\u017eana u \u0110akovu a Upravni odbor od 5 \u010dlanova \u010dine: Otmar Tosenberger (PD \u0110akovo)- predsjednik, Mario Ripli( HPD Papuk Virovitica)- dopredsjednik, Dra\u017een Mlinari\u0107 (HPD Klikun Pleternica), Igor Na\u0111 (HPD Cibalia Vinkovci) i Josip Zubak (PD Dilj gora, SL. Brod). Blagajnik, zadu\u017een za distribuciju i [&hellip;]<\/p>\n","protected":false},"author":1,"featured_media":0,"comment_status":"closed","ping_status":"open","sticky":false,"template":"","format":"standard","meta":{"_et_pb_use_builder":"on","_et_pb_old_content":"","_et_gb_content_width":"1080","footnotes":""},"categories":[37],"tags":[],"class_list":["post-5562","post","type-post","status-publish","format-standard","hentry","category-37"],"_links":{"self":[{"href":"https:\/\/www.slavonski-planinari.hr\/arhiva\/wp-json\/wp\/v2\/posts\/5562","targetHints":{"allow":["GET"]}}],"collection":[{"href":"https:\/\/www.slavonski-planinari.hr\/arhiva\/wp-json\/wp\/v2\/posts"}],"about":[{"href":"https:\/\/www.slavonski-planinari.hr\/arhiva\/wp-json\/wp\/v2\/types\/post"}],"author":[{"embeddable":true,"href":"https:\/\/www.slavonski-planinari.hr\/arhiva\/wp-json\/wp\/v2\/users\/1"}],"replies":[{"embeddable":true,"href":"https:\/\/www.slavonski-planinari.hr\/arhiva\/wp-json\/wp\/v2\/comments?post=5562"}],"version-history":[{"count":0,"href":"https:\/\/www.slavonski-planinari.hr\/arhiva\/wp-json\/wp\/v2\/posts\/5562\/revisions"}],"wp:attachment":[{"href":"https:\/\/www.slavonski-planinari.hr\/arhiva\/wp-json\/wp\/v2\/media?parent=5562"}],"wp:term":[{"taxonomy":"category","embeddable":true,"href":"https:\/\/www.slavonski-planinari.hr\/arhiva\/wp-json\/wp\/v2\/categories?post=5562"},{"taxonomy":"post_tag","embeddable":true,"href":"https:\/\/www.slavonski-planinari.hr\/arhiva\/wp-json\/wp\/v2\/tags?post=5562"}],"curies":[{"name":"wp","href":"https:\/\/api.w.org\/{rel}","templated":true}]}}