{"id":555,"date":"2022-12-20T10:40:48","date_gmt":"2022-12-20T09:40:48","guid":{"rendered":"https:\/\/www.slavonski-planinari.hr\/arhiva\/wp\/?p=555"},"modified":"2023-02-15T13:56:06","modified_gmt":"2023-02-15T12:56:06","slug":"26-memorijalni-planinarski-pohod-fokinom-stazom","status":"publish","type":"post","link":"https:\/\/www.slavonski-planinari.hr\/arhiva\/26-memorijalni-planinarski-pohod-fokinom-stazom\/","title":{"rendered":"26. memorijalni planinarski pohod Fokinom stazom"},"content":{"rendered":"<p>[et_pb_section fb_built=&#8221;1&#8243; _builder_version=&#8221;4.18.0&#8243; _module_preset=&#8221;default&#8221; custom_padding=&#8221;0px|||||&#8221; global_colors_info=&#8221;{}&#8221; theme_builder_area=&#8221;post_content&#8221;][et_pb_row _builder_version=&#8221;4.18.0&#8243; _module_preset=&#8221;default&#8221; global_colors_info=&#8221;{}&#8221; theme_builder_area=&#8221;post_content&#8221;][et_pb_column type=&#8221;4_4&#8243; _builder_version=&#8221;4.18.0&#8243; _module_preset=&#8221;default&#8221; global_colors_info=&#8221;{}&#8221; theme_builder_area=&#8221;post_content&#8221;][et_pb_text _builder_version=&#8221;4.19.4&#8243; _module_preset=&#8221;default&#8221; hover_enabled=&#8221;0&#8243; global_colors_info=&#8221;{}&#8221; theme_builder_area=&#8221;post_content&#8221; sticky_enabled=&#8221;0&#8243;]<\/p>\n<p>Promrzlog subotnjeg jutra, 17. prosinca 2022. godine, odr\u017ean je 26. memorijalni pohod Fokinom stazom posve\u0107en obilje\u017eavanju pogibilje pakra\u010dkog planinara Marijana Kulhavija-Foke i \u0161estorice Bjelovar\u010dana krajem prosinca 1991. godine.<\/p>\n<p>Na ovogodi\u0161njem tradicionalnom pohodu od Pakraca do planinarskog doma na Omanovcu (655 m) kroz Pakra\u010dke vinograde i preko psunjskih obronaka okupilo se oko 100 planinara i izletnika koje nije obeshrabrila nepovoljna vremenska prognoza de\u017eurnih meteorologa za prethodnu no\u0107 (snijeg) i niske temperature oko ni\u0161tice. Tijekom prethodne no\u0107i u na\u0161em kraju, na kraju je padala samo ki\u0161a pa je otopila preostale nakupine snijega koje su pale tjedan dana ranije. Ali u trenutku kada su sudionici krenuli sa sredi\u0161njeg trga u Pakracu po\u010dele su padati snje\u017ene pahulje koje su ih pratile ve\u0107i dio puta.<\/p>\n<p>Okupljanje je zapo\u010delo na sredi\u0161njem pakra\u010dkom trgu izme\u0111u zgrada gradskog muzeja, glazbene \u0161kole i turisti\u010dkog ureda gdje je goste do\u010dekao tradicionalni planinarski doru\u010dak i aperitiv. Marljive ruke na\u0161ih planinarki ponudile su gostima mast na kruhu s raznim doma\u0107im za\u010dinima i dodacima, a sladokusci su mogli birati me\u0111u 10tak ponu\u0111enih doma\u0107ih pekmeza i d\u017eemova. Nakon doru\u010dka u 10 h krenula je povorka trasom Fokine staze kroz gradske ulice prema crkvici sv. Roka i Pakra\u010dkim vinogradima te dalje do spomen obilje\u017eja Marijanu Kulhaviju-Foki i \u0161estorici Bjelovar\u010dana gdje im je odana po\u010dast i odr\u017eana molitva. Uz sve gu\u0161\u0107e pahulje snijega povorka je zatim krenula prema odmori\u0161tu Trome\u0111a te do kona\u010dno odredi\u0161ta, planinarskog doma Omanovac.<\/p>\n<p>U domu su se sudionici mogli odmoriti i okrepiti uz masterchef planinarski grah, a nakon ru\u010dka se uz Ga\u0161inu svirku i zaplesalo.<\/p>\n<p>Ove godine na pohodu su se okupili \u010dlanovi planinarskih dru\u0161tava Bilogora iz Bjelovara, Medvednica iz Zagreba, Br\u0161ljan-Jankovac iz Osijeka, Vidim iz Kutjeva, Frankopan iz Rokovaca-Andrija\u0161evaca, Cibalia iz Vinkovaca, Sokolovac iz Po\u017eege, Petrov vrh iz Daruvara, gosti iz udruge UHDDR Bjelovar i udruge pripadnika specijalne jedinice policije Omege iz Bjelovara, ljubitelji Moslavine iz Kutine te izletnici iz Rijeke. Za sigurnost sudionika pobrinuli su se pripadnici HGSS stanice Po\u017eega-ispostave Pakrac.<\/p>\n<p>[\/et_pb_text][et_pb_divider show_divider=&#8221;off&#8221; _builder_version=&#8221;4.18.0&#8243; _module_preset=&#8221;default&#8221; custom_padding=&#8221;||0px|||&#8221; global_colors_info=&#8221;{}&#8221; theme_builder_area=&#8221;post_content&#8221;][\/et_pb_divider][\/et_pb_column][\/et_pb_row][et_pb_row _builder_version=&#8221;4.18.0&#8243; _module_preset=&#8221;default&#8221; global_colors_info=&#8221;{}&#8221; theme_builder_area=&#8221;post_content&#8221;][et_pb_column type=&#8221;4_4&#8243; _builder_version=&#8221;4.18.0&#8243; _module_preset=&#8221;default&#8221; global_colors_info=&#8221;{}&#8221; theme_builder_area=&#8221;post_content&#8221;][et_pb_gallery gallery_ids=&#8221;596,595,594,593,592,591,590,589,588,587,586,585,584,583,582,581,580,579,578,577,576,575,574,573,572,571,570,569,568,567,566,565,564,563,562,561,560,559,556&#8243; posts_number=&#8221;38&#8243; show_title_and_caption=&#8221;off&#8221; show_pagination=&#8221;off&#8221; _builder_version=&#8221;4.19.4&#8243; _module_preset=&#8221;default&#8221; pagination_font=&#8221;Montserrat||||||||&#8221; custom_margin=&#8221;||105px|||&#8221; animation_style=&#8221;flip&#8221; hover_enabled=&#8221;0&#8243; box_shadow_style_image=&#8221;preset2&#8243; global_colors_info=&#8221;{}&#8221; theme_builder_area=&#8221;post_content&#8221; sticky_enabled=&#8221;0&#8243;][\/et_pb_gallery][\/et_pb_column][\/et_pb_row][\/et_pb_section]<\/p>\n","protected":false},"excerpt":{"rendered":"<p>Promrzlog subotnjeg jutra, 17. prosinca 2022. godine, odr\u017ean je 26. memorijalni pohod Fokinom stazom posve\u0107en obilje\u017eavanju pogibilje pakra\u010dkog planinara Marijana Kulhavija-Foke i \u0161estorice Bjelovar\u010dana krajem prosinca 1991. godine. Na ovogodi\u0161njem tradicionalnom pohodu od Pakraca do planinarskog doma na Omanovcu (655 m) kroz Pakra\u010dke vinograde i preko psunjskih obronaka okupilo se oko 100 planinara i izletnika [&hellip;]<\/p>\n","protected":false},"author":1,"featured_media":556,"comment_status":"closed","ping_status":"open","sticky":false,"template":"","format":"standard","meta":{"_et_pb_use_builder":"on","_et_pb_old_content":"<!-- wp:divi\/placeholder \/-->","_et_gb_content_width":"1080","footnotes":""},"categories":[37],"tags":[],"class_list":["post-555","post","type-post","status-publish","format-standard","has-post-thumbnail","hentry","category-37"],"_links":{"self":[{"href":"https:\/\/www.slavonski-planinari.hr\/arhiva\/wp-json\/wp\/v2\/posts\/555","targetHints":{"allow":["GET"]}}],"collection":[{"href":"https:\/\/www.slavonski-planinari.hr\/arhiva\/wp-json\/wp\/v2\/posts"}],"about":[{"href":"https:\/\/www.slavonski-planinari.hr\/arhiva\/wp-json\/wp\/v2\/types\/post"}],"author":[{"embeddable":true,"href":"https:\/\/www.slavonski-planinari.hr\/arhiva\/wp-json\/wp\/v2\/users\/1"}],"replies":[{"embeddable":true,"href":"https:\/\/www.slavonski-planinari.hr\/arhiva\/wp-json\/wp\/v2\/comments?post=555"}],"version-history":[{"count":0,"href":"https:\/\/www.slavonski-planinari.hr\/arhiva\/wp-json\/wp\/v2\/posts\/555\/revisions"}],"wp:featuredmedia":[{"embeddable":true,"href":"https:\/\/www.slavonski-planinari.hr\/arhiva\/wp-json\/wp\/v2\/media\/556"}],"wp:attachment":[{"href":"https:\/\/www.slavonski-planinari.hr\/arhiva\/wp-json\/wp\/v2\/media?parent=555"}],"wp:term":[{"taxonomy":"category","embeddable":true,"href":"https:\/\/www.slavonski-planinari.hr\/arhiva\/wp-json\/wp\/v2\/categories?post=555"},{"taxonomy":"post_tag","embeddable":true,"href":"https:\/\/www.slavonski-planinari.hr\/arhiva\/wp-json\/wp\/v2\/tags?post=555"}],"curies":[{"name":"wp","href":"https:\/\/api.w.org\/{rel}","templated":true}]}}