{"id":5545,"date":"2022-05-09T08:33:00","date_gmt":"2022-05-09T07:33:00","guid":{"rendered":"https:\/\/www.slavonski-planinari.hr\/arhiva\/?p=5545"},"modified":"2023-02-08T08:37:37","modified_gmt":"2023-02-08T07:37:37","slug":"4-memorijalni-slivin-pohod-08-05-2022","status":"publish","type":"post","link":"https:\/\/www.slavonski-planinari.hr\/arhiva\/4-memorijalni-slivin-pohod-08-05-2022\/","title":{"rendered":"4. Memorijalni Slivin pohod &#8211; 08.05.2022."},"content":{"rendered":"<p>[et_pb_section fb_built=&#8221;1&#8243; theme_builder_area=&#8221;post_content&#8221; _builder_version=&#8221;4.19.5&#8243; _module_preset=&#8221;default&#8221;][et_pb_row _builder_version=&#8221;4.19.5&#8243; _module_preset=&#8221;default&#8221; theme_builder_area=&#8221;post_content&#8221;][et_pb_column _builder_version=&#8221;4.19.5&#8243; _module_preset=&#8221;default&#8221; type=&#8221;4_4&#8243; theme_builder_area=&#8221;post_content&#8221;][et_pb_text _builder_version=&#8221;4.19.5&#8243; _module_preset=&#8221;default&#8221; theme_builder_area=&#8221;post_content&#8221; hover_enabled=&#8221;0&#8243; sticky_enabled=&#8221;0&#8243;]<\/p>\n<p style=\"text-align: justify;\">Ponekad se stvari stvarno poslo\u017ee onako kako treba.<br \/>Unato\u010d svim najavama ki\u0161e, vjetra i lo\u0161eg vremena, dan za Slivin pohod osvanuo je ba\u0161 onako kako je on to i zaslu\u017eio.<br \/>Iako je po\u010detak pohoda planiran za 10 sati, vrijedna ekipa se ve\u0107 u 8 sati na\u0161la na domu i sve pripremila, tako da je kad su po\u010deli stizati gosti doru\u010dak bio poslo\u017een, rakijica nato\u010dena.<br \/>Prije samog pohoda prigodnom pri\u010dom smo se sjetili Slive i nakon toga krenuli na hodnju.<br \/>Vi\u0161e od 70 ljudi se otputilo na oko 13 km dugu stazu, a me\u0111u njima su, uz doma\u0107e \u010dlanove, bili i prijatelji iz Virovitice, Po\u017eege, Lipika, Bjelovara, Vinkovaca (HPD Cibalia), Zagreba.<br \/>Lijepo je bilo vidjeti da je bilo puno onih koji su nedavno zavr\u0161ili planinarsku \u0161kolu, pa je i to razlog za zadovoljstvo.<br \/>Staza nas je prvo vodila do Slivinog mosta gdje smo ljudima objasnili koliko je on va\u017ean za nesmetan prelazak Stan\u010devca, a zatim smo neozna\u010denom stazom krenuli prema vidikovcu Glama\u010dine.<br \/>Putem smo pro\u0161li uz impozantna stabla bukvi koja, po Narcisovim rije\u010dima, rastu zapanjuju\u0107om brzinom i \u010dija se starost pove\u0107ava po \u010dudnim zakonitostima.<br \/>Prvi ve\u0107i odmor bio je na raskr\u0161\u0107u ispod glavnog uspona. Nakon kra\u0107e okrijepe popeli smo se do \u010distine pod vrhom i u\u017eivali u, kako Josip ka\u017ee, najljep\u0161em pogledu na Petrov vrh.<br \/>A vidik je bio lijep i na cijeli sjeverni greben sve do Crnog vrha.<br \/>Za razliku od prvog pohoda nismo se penjali na Manatu glavicu, ve\u0107se kanjonom potoka Barice spustili do izvora gdje smo imali drugu ve\u0107u pauzu i gdje se spa\u0161avala cipela koja se namjeravala raspasti.<br \/>Uslijedio je izlazak na cestu u selu Donji Borki i priklju\u010divanje na trasu SPP-a prema Stan\u010devcu.<br \/>Pored mosta je napravljena jo\u0161 jedna pauza, da se prikupi snaga za zavr\u0161ni uspon do doma.<br \/>Ali ekipa je bila izvrsna, pa smo vrlo brzo stigli do na\u0161e baze.<br \/>Sigurno je i miris graha kojeg je izvrsno skuhao Marijan Novak (na svemu mu se od srca zahvaljujemo) bio onaj dodatni stimulans.<br \/>Uz dru\u017eenje, jelo i pi\u0107e zadr\u017eali smo se jo\u0161 neko vrijeme kod doma i naposlijetku rastali uz ideju da se idu\u0107e godine opet, nadamo se, u jo\u0161 ve\u0107em broju na\u0111emo na 5. Slivinom pohodu.<br \/>Za kraj, posebno se \u017eelimo zahvaliti svima koji su nam svojim donacijama ili radom pomogli da lijepo ugostimo sve one koji su nas posjetili i koji su, nadamo se, zadovoljni oti\u0161li svojim ku\u0107ama.<br \/>Naravno i na\u0161im prijateljima iz HGSS-a koji su svojom prisutnos\u0107u davali potrebnu dozu sigurnosti svim sudionicima ovog memorijalnog pohoda.<\/p>\n<p style=\"text-align: justify;\">Preuzeto sa stranica: <a href=\"https:\/\/www.facebook.com\/petrovvrh\">https:\/\/www.facebook.com\/petrovvrh<\/a><\/p>\n<p style=\"text-align: justify;\">\n<p style=\"text-align: justify;\"><img loading=\"lazy\" decoding=\"async\" src=\"https:\/\/www.slavonski-planinari.hr\/arhiva\/wp-content\/uploads\/2023\/02\/Slivin-pohod-765x1024.jpg\" width=\"765\" height=\"1024\" alt=\"\" class=\"wp-image-5547 aligncenter size-large\" \/><\/p>\n<p>[\/et_pb_text][\/et_pb_column][\/et_pb_row][\/et_pb_section]<\/p>\n","protected":false},"excerpt":{"rendered":"<p>Ponekad se stvari stvarno poslo\u017ee onako kako treba.Unato\u010d svim najavama ki\u0161e, vjetra i lo\u0161eg vremena, dan za Slivin pohod osvanuo je ba\u0161 onako kako je on to i zaslu\u017eio.Iako je po\u010detak pohoda planiran za 10 sati, vrijedna ekipa se ve\u0107 u 8 sati na\u0161la na domu i sve pripremila, tako da je kad su po\u010deli [&hellip;]<\/p>\n","protected":false},"author":1,"featured_media":0,"comment_status":"closed","ping_status":"open","sticky":false,"template":"","format":"standard","meta":{"_et_pb_use_builder":"on","_et_pb_old_content":"","_et_gb_content_width":"1080","footnotes":""},"categories":[37],"tags":[],"class_list":["post-5545","post","type-post","status-publish","format-standard","hentry","category-37"],"_links":{"self":[{"href":"https:\/\/www.slavonski-planinari.hr\/arhiva\/wp-json\/wp\/v2\/posts\/5545","targetHints":{"allow":["GET"]}}],"collection":[{"href":"https:\/\/www.slavonski-planinari.hr\/arhiva\/wp-json\/wp\/v2\/posts"}],"about":[{"href":"https:\/\/www.slavonski-planinari.hr\/arhiva\/wp-json\/wp\/v2\/types\/post"}],"author":[{"embeddable":true,"href":"https:\/\/www.slavonski-planinari.hr\/arhiva\/wp-json\/wp\/v2\/users\/1"}],"replies":[{"embeddable":true,"href":"https:\/\/www.slavonski-planinari.hr\/arhiva\/wp-json\/wp\/v2\/comments?post=5545"}],"version-history":[{"count":0,"href":"https:\/\/www.slavonski-planinari.hr\/arhiva\/wp-json\/wp\/v2\/posts\/5545\/revisions"}],"wp:attachment":[{"href":"https:\/\/www.slavonski-planinari.hr\/arhiva\/wp-json\/wp\/v2\/media?parent=5545"}],"wp:term":[{"taxonomy":"category","embeddable":true,"href":"https:\/\/www.slavonski-planinari.hr\/arhiva\/wp-json\/wp\/v2\/categories?post=5545"},{"taxonomy":"post_tag","embeddable":true,"href":"https:\/\/www.slavonski-planinari.hr\/arhiva\/wp-json\/wp\/v2\/tags?post=5545"}],"curies":[{"name":"wp","href":"https:\/\/api.w.org\/{rel}","templated":true}]}}