{"id":5497,"date":"2021-11-30T10:08:00","date_gmt":"2021-11-30T09:08:00","guid":{"rendered":"https:\/\/www.slavonski-planinari.hr\/arhiva\/?p=5497"},"modified":"2023-02-06T10:10:02","modified_gmt":"2023-02-06T09:10:02","slug":"obavijest-clanovima-udruge-slavonski-planinari-povodom-medunarodnog-dana-planina-2021","status":"publish","type":"post","link":"https:\/\/www.slavonski-planinari.hr\/arhiva\/obavijest-clanovima-udruge-slavonski-planinari-povodom-medunarodnog-dana-planina-2021\/","title":{"rendered":"Obavijest \u010dlanovima udruge Slavonski planinari povodom Me\u0111unarodnog dana planina 2021."},"content":{"rendered":"<p>[et_pb_section fb_built=&#8221;1&#8243; theme_builder_area=&#8221;post_content&#8221; _builder_version=&#8221;4.19.5&#8243; _module_preset=&#8221;default&#8221; custom_padding=&#8221;||241px|||&#8221;][et_pb_row _builder_version=&#8221;4.19.5&#8243; _module_preset=&#8221;default&#8221; theme_builder_area=&#8221;post_content&#8221;][et_pb_column _builder_version=&#8221;4.19.5&#8243; _module_preset=&#8221;default&#8221; type=&#8221;4_4&#8243; theme_builder_area=&#8221;post_content&#8221;][et_pb_text _builder_version=&#8221;4.19.5&#8243; _module_preset=&#8221;default&#8221; theme_builder_area=&#8221;post_content&#8221; hover_enabled=&#8221;0&#8243; sticky_enabled=&#8221;0&#8243;]<\/p>\n<p style=\"text-align: justify;\"><span><img loading=\"lazy\" decoding=\"async\" src=\"https:\/\/www.slavonski-planinari.hr\/arhiva\/wp-content\/uploads\/2023\/01\/mdp-logo.jpg\" width=\"170\" height=\"118\" alt=\"\" class=\"wp-image-3100 aligncenter size-full\" \/><\/span><\/p>\n<p style=\"text-align: justify;\"><span>Ovogodi\u0161nje, \u0161esnaesto obilje\u017eavanje Me\u0111unarodnog dana planina odr\u017eati \u0107e se u nedjelju, 12. prosinca 2021. godine na Papuku izletom na trasi; \u0110edovica-SPP-kota-709-Vratolomina-Pakra-Johanesberg-Novo Zve\u010devo. Organizatori; Park prirode Papuk, Slavonski planinari i suorganizator Hrvatski planinarski savez, dogovorno su odlu\u010dili da se zbog pridr\u017eavanja epidemiolo\u0161kih mjera zbog pandemije Covid-19 ova proslava odr\u017ei uz maksimalni broj izletnika od 50 osoba. Na\u017ealost, kako nemamo mogu\u0107nosti primiti sve zainteresirane na ovu proslavu\/izlet, molimo Vas da uva\u017eite okolnost da \u0107e organizatori pozvati (pojedina\u010dno) na proslavu\/izlet one osobe koje su dale nadprosje\u010dni doprinos u organizaciji dosada\u0161njih obilje\u017eavanja Me\u0111unarodnog dana planina na nepoznatom Papuku u zadnjih 15 godina. Svaki planinar ili planinarsko dru\u0161tvo mo\u017ee na svoj na\u010din i na, \u017eeljenom, odabranom podru\u010dju organizirati i provesti proslavu obilje\u017eavanja Me\u0111unarodnog dana planina u 2021. godini uz preporu\u010dene mjere u svezi suzbijanja pandemije Covid-19. Hvala Vam na razumijevanju. \u201eSlavonski planinari\u201c<\/span><\/p>\n<p>[\/et_pb_text][\/et_pb_column][\/et_pb_row][\/et_pb_section]<\/p>\n","protected":false},"excerpt":{"rendered":"<p>Ovogodi\u0161nje, \u0161esnaesto obilje\u017eavanje Me\u0111unarodnog dana planina odr\u017eati \u0107e se u nedjelju, 12. prosinca 2021. godine na Papuku izletom na trasi; \u0110edovica-SPP-kota-709-Vratolomina-Pakra-Johanesberg-Novo Zve\u010devo. Organizatori; Park prirode Papuk, Slavonski planinari i suorganizator Hrvatski planinarski savez, dogovorno su odlu\u010dili da se zbog pridr\u017eavanja epidemiolo\u0161kih mjera zbog pandemije Covid-19 ova proslava odr\u017ei uz maksimalni broj izletnika od 50 osoba. [&hellip;]<\/p>\n","protected":false},"author":1,"featured_media":0,"comment_status":"closed","ping_status":"open","sticky":false,"template":"","format":"standard","meta":{"_et_pb_use_builder":"on","_et_pb_old_content":"","_et_gb_content_width":"1080","footnotes":""},"categories":[35],"tags":[],"class_list":["post-5497","post","type-post","status-publish","format-standard","hentry","category-35"],"_links":{"self":[{"href":"https:\/\/www.slavonski-planinari.hr\/arhiva\/wp-json\/wp\/v2\/posts\/5497","targetHints":{"allow":["GET"]}}],"collection":[{"href":"https:\/\/www.slavonski-planinari.hr\/arhiva\/wp-json\/wp\/v2\/posts"}],"about":[{"href":"https:\/\/www.slavonski-planinari.hr\/arhiva\/wp-json\/wp\/v2\/types\/post"}],"author":[{"embeddable":true,"href":"https:\/\/www.slavonski-planinari.hr\/arhiva\/wp-json\/wp\/v2\/users\/1"}],"replies":[{"embeddable":true,"href":"https:\/\/www.slavonski-planinari.hr\/arhiva\/wp-json\/wp\/v2\/comments?post=5497"}],"version-history":[{"count":0,"href":"https:\/\/www.slavonski-planinari.hr\/arhiva\/wp-json\/wp\/v2\/posts\/5497\/revisions"}],"wp:attachment":[{"href":"https:\/\/www.slavonski-planinari.hr\/arhiva\/wp-json\/wp\/v2\/media?parent=5497"}],"wp:term":[{"taxonomy":"category","embeddable":true,"href":"https:\/\/www.slavonski-planinari.hr\/arhiva\/wp-json\/wp\/v2\/categories?post=5497"},{"taxonomy":"post_tag","embeddable":true,"href":"https:\/\/www.slavonski-planinari.hr\/arhiva\/wp-json\/wp\/v2\/tags?post=5497"}],"curies":[{"name":"wp","href":"https:\/\/api.w.org\/{rel}","templated":true}]}}