{"id":5484,"date":"2021-11-30T10:04:00","date_gmt":"2021-11-30T09:04:00","guid":{"rendered":"https:\/\/www.slavonski-planinari.hr\/arhiva\/?p=5484"},"modified":"2023-02-06T10:07:11","modified_gmt":"2023-02-06T09:07:11","slug":"uredenje-slavonskog-planinarskog-puta-spp","status":"publish","type":"post","link":"https:\/\/www.slavonski-planinari.hr\/arhiva\/uredenje-slavonskog-planinarskog-puta-spp\/","title":{"rendered":"Ure\u0111enje Slavonskog planinarskog puta (SPP)"},"content":{"rendered":"<p>[et_pb_section fb_built=&#8221;1&#8243; theme_builder_area=&#8221;post_content&#8221; _builder_version=&#8221;4.19.5&#8243; _module_preset=&#8221;default&#8221;][et_pb_row _builder_version=&#8221;4.19.5&#8243; _module_preset=&#8221;default&#8221; theme_builder_area=&#8221;post_content&#8221;][et_pb_column _builder_version=&#8221;4.19.5&#8243; _module_preset=&#8221;default&#8221; type=&#8221;4_4&#8243; theme_builder_area=&#8221;post_content&#8221;][et_pb_text _builder_version=&#8221;4.19.5&#8243; _module_preset=&#8221;default&#8221; theme_builder_area=&#8221;post_content&#8221; hover_enabled=&#8221;0&#8243; sticky_enabled=&#8221;0&#8243;]<\/p>\n<p style=\"text-align: justify;\"><span>U subotu, 6.11.2021., deset odva\u017enih planinarki i planinara o\u010distili su dionicu SPP-a od Planinarskog doma &#8220;Strmac&#8221; u Cerniku do Ba\u0107in dola. Ni ti ki\u0161a koja je skoro cijelim putem padala nije omela ovo dru\u0161tvance da potpuno o\u010disti ovu dionicu. U planu je bilo i markiranje staze koje nije moglo biti izvedeno zbog ki\u0161e, ali gdje god je to bilo mogu\u0107e planinarke Branka i Zrinka markirale su stazu.<\/span><br \/><span>U planu su sli\u010dne radne akcije u sije\u010dnju i velja\u010di na Dilj gori i Krndiji. Na radnoj akciji sudjelovali su \u010dlanovi HPD-a &#8220;Strmac&#8221; Nova Gradi\u0161ka, HPD-a &#8220;Sokolovac&#8221; Po\u017eega i \u010dlanovi Stanice HGSS Slavonski Brod, a aktivan doprinos dali su i predsjednik HPD-a &#8220;Strmac&#8221; Krunoslav Malenica i Predrag Livak, predsjednik udruge &#8220;Slavonski planinari&#8221;. Nakon radne akcije novogradi\u0161ko planinarsko dru\u0161tvo po\u010dastilo je sve sudionike grahom i pi\u0107em \u0161to je izvrsna praksa, sada ve\u0107 i obi\u010daj koji se treba nastaviti. Najmla\u0111a sudionica bila je vrijedna Petra, 11-ogodi\u0161nja planinarka iz Nove Gradi\u0161ke&#8230;<\/span><\/p>\n<p>[\/et_pb_text][et_pb_gallery _builder_version=&#8221;4.19.5&#8243; _module_preset=&#8221;default&#8221; theme_builder_area=&#8221;post_content&#8221; gallery_ids=&#8221;5486,5487,5488,5489,5490,5491,5492,5493,5494,5495&#8243; posts_number=&#8221;10&#8243; show_title_and_caption=&#8221;off&#8221; hover_enabled=&#8221;0&#8243; sticky_enabled=&#8221;0&#8243;][\/et_pb_gallery][\/et_pb_column][\/et_pb_row][\/et_pb_section]<\/p>\n","protected":false},"excerpt":{"rendered":"<p>U subotu, 6.11.2021., deset odva\u017enih planinarki i planinara o\u010distili su dionicu SPP-a od Planinarskog doma &#8220;Strmac&#8221; u Cerniku do Ba\u0107in dola. Ni ti ki\u0161a koja je skoro cijelim putem padala nije omela ovo dru\u0161tvance da potpuno o\u010disti ovu dionicu. U planu je bilo i markiranje staze koje nije moglo biti izvedeno zbog ki\u0161e, ali gdje [&hellip;]<\/p>\n","protected":false},"author":1,"featured_media":0,"comment_status":"closed","ping_status":"open","sticky":false,"template":"","format":"standard","meta":{"_et_pb_use_builder":"on","_et_pb_old_content":"","_et_gb_content_width":"1080","footnotes":""},"categories":[35],"tags":[],"class_list":["post-5484","post","type-post","status-publish","format-standard","hentry","category-35"],"_links":{"self":[{"href":"https:\/\/www.slavonski-planinari.hr\/arhiva\/wp-json\/wp\/v2\/posts\/5484","targetHints":{"allow":["GET"]}}],"collection":[{"href":"https:\/\/www.slavonski-planinari.hr\/arhiva\/wp-json\/wp\/v2\/posts"}],"about":[{"href":"https:\/\/www.slavonski-planinari.hr\/arhiva\/wp-json\/wp\/v2\/types\/post"}],"author":[{"embeddable":true,"href":"https:\/\/www.slavonski-planinari.hr\/arhiva\/wp-json\/wp\/v2\/users\/1"}],"replies":[{"embeddable":true,"href":"https:\/\/www.slavonski-planinari.hr\/arhiva\/wp-json\/wp\/v2\/comments?post=5484"}],"version-history":[{"count":0,"href":"https:\/\/www.slavonski-planinari.hr\/arhiva\/wp-json\/wp\/v2\/posts\/5484\/revisions"}],"wp:attachment":[{"href":"https:\/\/www.slavonski-planinari.hr\/arhiva\/wp-json\/wp\/v2\/media?parent=5484"}],"wp:term":[{"taxonomy":"category","embeddable":true,"href":"https:\/\/www.slavonski-planinari.hr\/arhiva\/wp-json\/wp\/v2\/categories?post=5484"},{"taxonomy":"post_tag","embeddable":true,"href":"https:\/\/www.slavonski-planinari.hr\/arhiva\/wp-json\/wp\/v2\/tags?post=5484"}],"curies":[{"name":"wp","href":"https:\/\/api.w.org\/{rel}","templated":true}]}}