{"id":5469,"date":"2021-10-14T10:01:00","date_gmt":"2021-10-14T09:01:00","guid":{"rendered":"https:\/\/www.slavonski-planinari.hr\/arhiva\/?p=5469"},"modified":"2023-02-06T10:04:20","modified_gmt":"2023-02-06T09:04:20","slug":"nastavak-uredenja-slavonskog-planinarskog-puta","status":"publish","type":"post","link":"https:\/\/www.slavonski-planinari.hr\/arhiva\/nastavak-uredenja-slavonskog-planinarskog-puta\/","title":{"rendered":"Nastavak ure\u0111enja Slavonskog planinarskog puta"},"content":{"rendered":"<p>[et_pb_section fb_built=&#8221;1&#8243; theme_builder_area=&#8221;post_content&#8221; _builder_version=&#8221;4.19.5&#8243; _module_preset=&#8221;default&#8221;][et_pb_row _builder_version=&#8221;4.19.5&#8243; _module_preset=&#8221;default&#8221; theme_builder_area=&#8221;post_content&#8221;][et_pb_column _builder_version=&#8221;4.19.5&#8243; _module_preset=&#8221;default&#8221; type=&#8221;4_4&#8243; theme_builder_area=&#8221;post_content&#8221;][et_pb_text _builder_version=&#8221;4.19.5&#8243; _module_preset=&#8221;default&#8221; theme_builder_area=&#8221;post_content&#8221; hover_enabled=&#8221;0&#8243; sticky_enabled=&#8221;0&#8243;]<\/p>\n<p style=\"text-align: justify;\"><span>Nakon \u0161to je na Po\u017ee\u0161koj gori odra\u0111ena prva radna akcija ure\u0111enja Slavonskog planinarskog puta, \u010dlanovi HPD-a Sokolovac Po\u017eega o\u010distili dio SPP-a od Planinarskog doma Lapjak prema \u010ce\u0161ljakova\u010dkom visu.<\/span><br \/><span>Idu\u0107a radna akcija ure\u0111enja SPP-a planira se u studenom ove godine&#8230;<\/span><\/p>\n<p>[\/et_pb_text][et_pb_gallery _builder_version=&#8221;4.19.5&#8243; _module_preset=&#8221;default&#8221; theme_builder_area=&#8221;post_content&#8221; gallery_ids=&#8221;5471,5472,5473,5474,5475,5476,5477,5478,5479,5480,5481,5482&#8243; posts_number=&#8221;12&#8243; show_title_and_caption=&#8221;off&#8221; hover_enabled=&#8221;0&#8243; sticky_enabled=&#8221;0&#8243;][\/et_pb_gallery][\/et_pb_column][\/et_pb_row][\/et_pb_section]<\/p>\n","protected":false},"excerpt":{"rendered":"<p>Nakon \u0161to je na Po\u017ee\u0161koj gori odra\u0111ena prva radna akcija ure\u0111enja Slavonskog planinarskog puta, \u010dlanovi HPD-a Sokolovac Po\u017eega o\u010distili dio SPP-a od Planinarskog doma Lapjak prema \u010ce\u0161ljakova\u010dkom visu.Idu\u0107a radna akcija ure\u0111enja SPP-a planira se u studenom ove godine&#8230;<\/p>\n","protected":false},"author":1,"featured_media":0,"comment_status":"closed","ping_status":"open","sticky":false,"template":"","format":"standard","meta":{"_et_pb_use_builder":"on","_et_pb_old_content":"","_et_gb_content_width":"1080","footnotes":""},"categories":[35],"tags":[],"class_list":["post-5469","post","type-post","status-publish","format-standard","hentry","category-35"],"_links":{"self":[{"href":"https:\/\/www.slavonski-planinari.hr\/arhiva\/wp-json\/wp\/v2\/posts\/5469","targetHints":{"allow":["GET"]}}],"collection":[{"href":"https:\/\/www.slavonski-planinari.hr\/arhiva\/wp-json\/wp\/v2\/posts"}],"about":[{"href":"https:\/\/www.slavonski-planinari.hr\/arhiva\/wp-json\/wp\/v2\/types\/post"}],"author":[{"embeddable":true,"href":"https:\/\/www.slavonski-planinari.hr\/arhiva\/wp-json\/wp\/v2\/users\/1"}],"replies":[{"embeddable":true,"href":"https:\/\/www.slavonski-planinari.hr\/arhiva\/wp-json\/wp\/v2\/comments?post=5469"}],"version-history":[{"count":0,"href":"https:\/\/www.slavonski-planinari.hr\/arhiva\/wp-json\/wp\/v2\/posts\/5469\/revisions"}],"wp:attachment":[{"href":"https:\/\/www.slavonski-planinari.hr\/arhiva\/wp-json\/wp\/v2\/media?parent=5469"}],"wp:term":[{"taxonomy":"category","embeddable":true,"href":"https:\/\/www.slavonski-planinari.hr\/arhiva\/wp-json\/wp\/v2\/categories?post=5469"},{"taxonomy":"post_tag","embeddable":true,"href":"https:\/\/www.slavonski-planinari.hr\/arhiva\/wp-json\/wp\/v2\/tags?post=5469"}],"curies":[{"name":"wp","href":"https:\/\/api.w.org\/{rel}","templated":true}]}}