{"id":5445,"date":"2021-09-29T09:56:00","date_gmt":"2021-09-29T08:56:00","guid":{"rendered":"https:\/\/www.slavonski-planinari.hr\/arhiva\/?p=5445"},"modified":"2023-02-06T10:01:00","modified_gmt":"2023-02-06T09:01:00","slug":"radna-akcija-uredenja-slavonskog-planinarskog-puta-najstarije-hrvatske-planinarske-obilaznice","status":"publish","type":"post","link":"https:\/\/www.slavonski-planinari.hr\/arhiva\/radna-akcija-uredenja-slavonskog-planinarskog-puta-najstarije-hrvatske-planinarske-obilaznice\/","title":{"rendered":"Radna akcija ure\u0111enja Slavonskog planinarskog puta-najstarije hrvatske planinarske obilaznice"},"content":{"rendered":"<p>[et_pb_section fb_built=&#8221;1&#8243; theme_builder_area=&#8221;post_content&#8221; _builder_version=&#8221;4.19.5&#8243; _module_preset=&#8221;default&#8221;][et_pb_row _builder_version=&#8221;4.19.5&#8243; _module_preset=&#8221;default&#8221; theme_builder_area=&#8221;post_content&#8221;][et_pb_column _builder_version=&#8221;4.19.5&#8243; _module_preset=&#8221;default&#8221; type=&#8221;4_4&#8243; theme_builder_area=&#8221;post_content&#8221;][et_pb_text _builder_version=&#8221;4.19.5&#8243; _module_preset=&#8221;default&#8221; theme_builder_area=&#8221;post_content&#8221; hover_enabled=&#8221;0&#8243; sticky_enabled=&#8221;0&#8243;]<\/p>\n<p style=\"text-align: justify;\"><span>U subotu, 25.09.2021., na radnoj akciji \u010di\u0161\u0107enja dijela SPP-a na Po\u017ee\u0161koj gori izme\u0111u vrha Kapavac i kule Gra\u010danica okupilo se 10 planinara iz \u010detiri planinarska dru\u0161tva, HPD &#8220;Cibalia&#8221; Vinkovci, PD &#8220;Dilj Gora&#8221; Slavonski Brod, HPD &#8220;Papuk&#8221; Virovitica i HPD &#8220;Sokolovac&#8221; Po\u017eega. Po\u010detak radne akcije i skupljanje je bilo u planinarskoj ku\u0107i Bajin kijer, u Zakorenju u 9h, a HPD Sokolovac je sve sudionike nakon uspje\u0161ne radne akcije po\u010dastio grahom. Predsjednik udruge planinarskih udruga Slavonije &#8220;Slavonski planinari&#8221; Predrag Livak zahvalio se svim sudionicima i koordinatoru Danielu Kri\u017eancu te je najavio kako \u0107e se akcije nastaviti i na drugim dijelovima gdje prolazi SPP, doma\u0107ini \u0107e biti druga planinarska dru\u0161tva, a prva idu\u0107a akcija najavljena je za studeni ove godine. Udruga planinarskih udruga Slavonije \u201eSlavonski planinari\u201c<\/span><\/p>\n<p>[\/et_pb_text][et_pb_gallery _builder_version=&#8221;4.19.5&#8243; _module_preset=&#8221;default&#8221; theme_builder_area=&#8221;post_content&#8221; gallery_ids=&#8221;5447,5448,5449,5450,5451,5452,5453,5454,5455,5456,5457,5458,5459,5460,5461,5462,5463,5464,5465,5466&#8243; posts_number=&#8221;20&#8243; show_title_and_caption=&#8221;off&#8221; hover_enabled=&#8221;0&#8243; sticky_enabled=&#8221;0&#8243;][\/et_pb_gallery][\/et_pb_column][\/et_pb_row][\/et_pb_section]<\/p>\n","protected":false},"excerpt":{"rendered":"<p>U subotu, 25.09.2021., na radnoj akciji \u010di\u0161\u0107enja dijela SPP-a na Po\u017ee\u0161koj gori izme\u0111u vrha Kapavac i kule Gra\u010danica okupilo se 10 planinara iz \u010detiri planinarska dru\u0161tva, HPD &#8220;Cibalia&#8221; Vinkovci, PD &#8220;Dilj Gora&#8221; Slavonski Brod, HPD &#8220;Papuk&#8221; Virovitica i HPD &#8220;Sokolovac&#8221; Po\u017eega. Po\u010detak radne akcije i skupljanje je bilo u planinarskoj ku\u0107i Bajin kijer, u Zakorenju [&hellip;]<\/p>\n","protected":false},"author":1,"featured_media":0,"comment_status":"closed","ping_status":"open","sticky":false,"template":"","format":"standard","meta":{"_et_pb_use_builder":"on","_et_pb_old_content":"","_et_gb_content_width":"1080","footnotes":""},"categories":[35],"tags":[],"class_list":["post-5445","post","type-post","status-publish","format-standard","hentry","category-35"],"_links":{"self":[{"href":"https:\/\/www.slavonski-planinari.hr\/arhiva\/wp-json\/wp\/v2\/posts\/5445","targetHints":{"allow":["GET"]}}],"collection":[{"href":"https:\/\/www.slavonski-planinari.hr\/arhiva\/wp-json\/wp\/v2\/posts"}],"about":[{"href":"https:\/\/www.slavonski-planinari.hr\/arhiva\/wp-json\/wp\/v2\/types\/post"}],"author":[{"embeddable":true,"href":"https:\/\/www.slavonski-planinari.hr\/arhiva\/wp-json\/wp\/v2\/users\/1"}],"replies":[{"embeddable":true,"href":"https:\/\/www.slavonski-planinari.hr\/arhiva\/wp-json\/wp\/v2\/comments?post=5445"}],"version-history":[{"count":0,"href":"https:\/\/www.slavonski-planinari.hr\/arhiva\/wp-json\/wp\/v2\/posts\/5445\/revisions"}],"wp:attachment":[{"href":"https:\/\/www.slavonski-planinari.hr\/arhiva\/wp-json\/wp\/v2\/media?parent=5445"}],"wp:term":[{"taxonomy":"category","embeddable":true,"href":"https:\/\/www.slavonski-planinari.hr\/arhiva\/wp-json\/wp\/v2\/categories?post=5445"},{"taxonomy":"post_tag","embeddable":true,"href":"https:\/\/www.slavonski-planinari.hr\/arhiva\/wp-json\/wp\/v2\/tags?post=5445"}],"curies":[{"name":"wp","href":"https:\/\/api.w.org\/{rel}","templated":true}]}}