{"id":5437,"date":"2021-09-16T09:51:00","date_gmt":"2021-09-16T08:51:00","guid":{"rendered":"https:\/\/www.slavonski-planinari.hr\/arhiva\/?p=5437"},"modified":"2023-02-06T09:55:07","modified_gmt":"2023-02-06T08:55:07","slug":"jubilarna-10-ekspedicija-mali-pajdo","status":"publish","type":"post","link":"https:\/\/www.slavonski-planinari.hr\/arhiva\/jubilarna-10-ekspedicija-mali-pajdo\/","title":{"rendered":"Jubilarna 10. ekspedicija &#8220;Mali Pajdo&#8221;"},"content":{"rendered":"<p>[et_pb_section fb_built=&#8221;1&#8243; theme_builder_area=&#8221;post_content&#8221; _builder_version=&#8221;4.19.5&#8243; _module_preset=&#8221;default&#8221;][et_pb_row _builder_version=&#8221;4.19.5&#8243; _module_preset=&#8221;default&#8221; theme_builder_area=&#8221;post_content&#8221;][et_pb_column _builder_version=&#8221;4.19.5&#8243; _module_preset=&#8221;default&#8221; type=&#8221;4_4&#8243; theme_builder_area=&#8221;post_content&#8221;][et_pb_text _builder_version=&#8221;4.19.5&#8243; _module_preset=&#8221;default&#8221; theme_builder_area=&#8221;post_content&#8221; hover_enabled=&#8221;0&#8243; sticky_enabled=&#8221;0&#8243;]<\/p>\n<p style=\"text-align: justify;\"><span>Ovim putem Vam javljam da smo povodom desete obljetnice smrti moga djeda Ivana Jakovine, poznatim pod nadimkom &#8220;Mali Pajdo&#8221; u petak 12.09.2021 ispenjali 2057 metara visok vrh Ostelfelderkopf koji se nalazi u bavarskim Alpama iznad Garmisch Partenkirchena.<\/span><br \/><span>Ivan &#8220;Mali Pajdo&#8221; Jakovina umro je prije deset godina 14.09.2011 godine u Po\u017eegi. Ova putopisno-planinarsku ekspediciju simboli\u010dnog naziva &#8220;Mali Pajdo&#8221; pokrenuta je prije deset godina u znak sje\u0107anje na Ivana &#8220;Malog Pajdu&#8221; Jakovinu, kao i promicanje Po\u017ee\u0161tine i planinarenja. U posljednjih deset godina osvojeni su vrhovi poput: &#8230;najvi\u0161eg vrha Dinare u Hrvatskoj,<\/span><br \/><span>&#8230;najvi\u0161eg vrha biv\u0161e Jugoslavije, Triglava u Sloveniji,<\/span><br \/><span>&#8230;najvi\u0161eg vrha sjeverne Afrike, Jebel Toubkala u Maroku,<\/span><br \/><span>&#8230;najvi\u0161eg vrha kontinentalne \u0160panjolske, Mulhacena,<\/span><br \/><span>&#8230;najvi\u0161eg vrha Balkanskog poluotoka, Musale u Bugarskoj,<\/span><br \/><span>&#8230;najvi\u0161eg vrha Njema\u010dke, Zugspitza&#8230; Ove godine dana 12.09.2021 sedmero\u010dlana, do sada najve\u0107a grupa planinara, pajda\u0161ica i pajda\u0161a Malome Pajdi u \u010dast ispenjala je ne\u0161to preko 2000 metara visok vrh Ostelfelderkopf u bavarskim Alpama. U usponu su sudjelovali: Davorin Jakovina iz Po\u017eege (sin Ivana &#8220;Malog Pajde&#8221; Jakovine)<\/span><br \/><span>Ivan Jakovina iz Po\u017eege (unuk) s prijateljima planinarima&#8230; Ivan Sabljak iz Po\u017eege<\/span><br \/><span>Tena Posel iz Me\u0111imurja<\/span><br \/><span>Ana Pikija iz Novog Marofa<\/span><br \/><span>Aleksandar Kuzmani\u0107 iz Hvara<\/span><br \/><span>Petra Ivan\u010dica iz Zagreba Skupina se na uspon zaputila iz Garmisch Partenkirchen u ranim jutarnjim satima dana 12.09.2021 godine i popela na vrh istoga dana u 14 sati.<\/span><br \/><span>Ovim usponom i cjelokupnim planinarskim dru\u017eenjem u stilu Ivana &#8220;Malog Pajde&#8221; Jakovine, veselo i opu\u0161teno obilje\u017eena je obljetnica smrti koja je 14.09.2021., i dogovorena dru\u017eba za sljede\u0107u godinu u isto vrijeme na nekim od planinskih vrhova. Ivan Jakovina<\/span><\/p>\n<p>[\/et_pb_text][et_pb_gallery _builder_version=&#8221;4.19.5&#8243; _module_preset=&#8221;default&#8221; theme_builder_area=&#8221;post_content&#8221; gallery_ids=&#8221;5439,5440,5441,5442,5443&#8243; posts_number=&#8221;5&#8243; show_title_and_caption=&#8221;off&#8221; hover_enabled=&#8221;0&#8243; sticky_enabled=&#8221;0&#8243;][\/et_pb_gallery][\/et_pb_column][\/et_pb_row][\/et_pb_section]<\/p>\n","protected":false},"excerpt":{"rendered":"<p>Ovim putem Vam javljam da smo povodom desete obljetnice smrti moga djeda Ivana Jakovine, poznatim pod nadimkom &#8220;Mali Pajdo&#8221; u petak 12.09.2021 ispenjali 2057 metara visok vrh Ostelfelderkopf koji se nalazi u bavarskim Alpama iznad Garmisch Partenkirchena.Ivan &#8220;Mali Pajdo&#8221; Jakovina umro je prije deset godina 14.09.2011 godine u Po\u017eegi. Ova putopisno-planinarsku ekspediciju simboli\u010dnog naziva &#8220;Mali [&hellip;]<\/p>\n","protected":false},"author":1,"featured_media":0,"comment_status":"closed","ping_status":"open","sticky":false,"template":"","format":"standard","meta":{"_et_pb_use_builder":"on","_et_pb_old_content":"","_et_gb_content_width":"1080","footnotes":""},"categories":[35],"tags":[],"class_list":["post-5437","post","type-post","status-publish","format-standard","hentry","category-35"],"_links":{"self":[{"href":"https:\/\/www.slavonski-planinari.hr\/arhiva\/wp-json\/wp\/v2\/posts\/5437","targetHints":{"allow":["GET"]}}],"collection":[{"href":"https:\/\/www.slavonski-planinari.hr\/arhiva\/wp-json\/wp\/v2\/posts"}],"about":[{"href":"https:\/\/www.slavonski-planinari.hr\/arhiva\/wp-json\/wp\/v2\/types\/post"}],"author":[{"embeddable":true,"href":"https:\/\/www.slavonski-planinari.hr\/arhiva\/wp-json\/wp\/v2\/users\/1"}],"replies":[{"embeddable":true,"href":"https:\/\/www.slavonski-planinari.hr\/arhiva\/wp-json\/wp\/v2\/comments?post=5437"}],"version-history":[{"count":0,"href":"https:\/\/www.slavonski-planinari.hr\/arhiva\/wp-json\/wp\/v2\/posts\/5437\/revisions"}],"wp:attachment":[{"href":"https:\/\/www.slavonski-planinari.hr\/arhiva\/wp-json\/wp\/v2\/media?parent=5437"}],"wp:term":[{"taxonomy":"category","embeddable":true,"href":"https:\/\/www.slavonski-planinari.hr\/arhiva\/wp-json\/wp\/v2\/categories?post=5437"},{"taxonomy":"post_tag","embeddable":true,"href":"https:\/\/www.slavonski-planinari.hr\/arhiva\/wp-json\/wp\/v2\/tags?post=5437"}],"curies":[{"name":"wp","href":"https:\/\/api.w.org\/{rel}","templated":true}]}}