{"id":5432,"date":"2021-09-10T09:48:00","date_gmt":"2021-09-10T08:48:00","guid":{"rendered":"https:\/\/www.slavonski-planinari.hr\/arhiva\/?p=5432"},"modified":"2023-02-06T09:51:25","modified_gmt":"2023-02-06T08:51:25","slug":"poziv-na-radnu-akciju","status":"publish","type":"post","link":"https:\/\/www.slavonski-planinari.hr\/arhiva\/poziv-na-radnu-akciju\/","title":{"rendered":"Poziv na radnu akciju"},"content":{"rendered":"<p>[et_pb_section fb_built=&#8221;1&#8243; theme_builder_area=&#8221;post_content&#8221; _builder_version=&#8221;4.19.5&#8243; _module_preset=&#8221;default&#8221; custom_padding=&#8221;||137px|||&#8221;][et_pb_row _builder_version=&#8221;4.19.5&#8243; _module_preset=&#8221;default&#8221; theme_builder_area=&#8221;post_content&#8221;][et_pb_column _builder_version=&#8221;4.19.5&#8243; _module_preset=&#8221;default&#8221; type=&#8221;4_4&#8243; theme_builder_area=&#8221;post_content&#8221;][et_pb_text _builder_version=&#8221;4.19.5&#8243; _module_preset=&#8221;default&#8221; theme_builder_area=&#8221;post_content&#8221; hover_enabled=&#8221;0&#8243; sticky_enabled=&#8221;0&#8243;]<\/p>\n<p style=\"text-align: justify;\"><span><img loading=\"lazy\" decoding=\"async\" src=\"https:\/\/www.slavonski-planinari.hr\/arhiva\/wp-content\/uploads\/2023\/02\/suma.jpg\" width=\"240\" height=\"164\" alt=\"\" class=\"wp-image-5434 aligncenter size-full\" \/><\/span><\/p>\n<p style=\"text-align: justify;\"><span><\/span><\/p>\n<p style=\"text-align: justify;\"><span><\/span><\/p>\n<p style=\"text-align: justify;\"><span>Po\u0161tovani svi! Nastavno na zaklju\u010dak o redovnom odr\u017eavanju SPP-a, sa sastanka na koji su bili pozvani svi predstavnici slavonskih planinarskih dru\u0161tava Slavonije, odr\u017eanog 28.06.21. u Slavonskom Brodu, pozivamo da se va\u0161i predstavnici odazovu i sudjeluju 25.09.2021., na radnoj akciji \u010di\u0161\u0107enja dijela SPP na Po\u017ee\u0161koj gori.<\/span><br \/><span>Po\u010detak radne akcije i skupljanje je u planinarskoj ku\u0107i Bajin kijer, u Zakorenju u 9h. HPD Sokolovac sve sudionike \u010dasti grahom, a pi\u0107e je iz ruksaka. Akcije \u0107e se nastaviti i na drugim dijelovima gdje prolazi SPP, a doma\u0107ini \u0107e biti druga planinarska dru\u0161tva. Motorku i trimer osigurao je HPD Sokolovac, kao i gorivo za te alate ako neko mo\u017ee donijeti za sudjelovanje.<\/span><br \/><span>Po\u017eeljno je ponijeti sa sobom: ma\u010dete, no\u017eeve, \u0161kare, motike\u2026 Molimo dru\u0161tva da broj sudionika prijave na e-mail:<\/span><br \/><span id=\"cloak492185de428cc533f99eaa73718ba514\"><a href=\"mailto:slavonski.planinari@gmail.com\">slavonski.planinari@gmail.com<\/a><\/span><br \/><span>Koordinator radne akcije Daniel Kri\u017eanec 091\/1777-907. Udruga planinarskih udruga Slavonije \u201eSlavonski planinari\u201c&#8230;<\/span><\/p>\n<p>[\/et_pb_text][\/et_pb_column][\/et_pb_row][\/et_pb_section]<\/p>\n","protected":false},"excerpt":{"rendered":"<p>Po\u0161tovani svi! Nastavno na zaklju\u010dak o redovnom odr\u017eavanju SPP-a, sa sastanka na koji su bili pozvani svi predstavnici slavonskih planinarskih dru\u0161tava Slavonije, odr\u017eanog 28.06.21. u Slavonskom Brodu, pozivamo da se va\u0161i predstavnici odazovu i sudjeluju 25.09.2021., na radnoj akciji \u010di\u0161\u0107enja dijela SPP na Po\u017ee\u0161koj gori.Po\u010detak radne akcije i skupljanje je u planinarskoj ku\u0107i Bajin kijer, [&hellip;]<\/p>\n","protected":false},"author":1,"featured_media":0,"comment_status":"closed","ping_status":"open","sticky":false,"template":"","format":"standard","meta":{"_et_pb_use_builder":"on","_et_pb_old_content":"","_et_gb_content_width":"1080","footnotes":""},"categories":[35],"tags":[],"class_list":["post-5432","post","type-post","status-publish","format-standard","hentry","category-35"],"_links":{"self":[{"href":"https:\/\/www.slavonski-planinari.hr\/arhiva\/wp-json\/wp\/v2\/posts\/5432","targetHints":{"allow":["GET"]}}],"collection":[{"href":"https:\/\/www.slavonski-planinari.hr\/arhiva\/wp-json\/wp\/v2\/posts"}],"about":[{"href":"https:\/\/www.slavonski-planinari.hr\/arhiva\/wp-json\/wp\/v2\/types\/post"}],"author":[{"embeddable":true,"href":"https:\/\/www.slavonski-planinari.hr\/arhiva\/wp-json\/wp\/v2\/users\/1"}],"replies":[{"embeddable":true,"href":"https:\/\/www.slavonski-planinari.hr\/arhiva\/wp-json\/wp\/v2\/comments?post=5432"}],"version-history":[{"count":0,"href":"https:\/\/www.slavonski-planinari.hr\/arhiva\/wp-json\/wp\/v2\/posts\/5432\/revisions"}],"wp:attachment":[{"href":"https:\/\/www.slavonski-planinari.hr\/arhiva\/wp-json\/wp\/v2\/media?parent=5432"}],"wp:term":[{"taxonomy":"category","embeddable":true,"href":"https:\/\/www.slavonski-planinari.hr\/arhiva\/wp-json\/wp\/v2\/categories?post=5432"},{"taxonomy":"post_tag","embeddable":true,"href":"https:\/\/www.slavonski-planinari.hr\/arhiva\/wp-json\/wp\/v2\/tags?post=5432"}],"curies":[{"name":"wp","href":"https:\/\/api.w.org\/{rel}","templated":true}]}}