{"id":5368,"date":"2021-02-02T09:12:00","date_gmt":"2021-02-02T08:12:00","guid":{"rendered":"https:\/\/www.slavonski-planinari.hr\/arhiva\/?p=5368"},"modified":"2023-02-06T09:18:27","modified_gmt":"2023-02-06T08:18:27","slug":"beliscanski-podravski-pjesacki-put-30-01-2021","status":"publish","type":"post","link":"https:\/\/www.slavonski-planinari.hr\/arhiva\/beliscanski-podravski-pjesacki-put-30-01-2021\/","title":{"rendered":"Beli\u0161\u0107anski podravski pje\u0161a\u010dki put &#8211; 30.01.2021."},"content":{"rendered":"<p>[et_pb_section fb_built=&#8221;1&#8243; theme_builder_area=&#8221;post_content&#8221; _builder_version=&#8221;4.19.5&#8243; _module_preset=&#8221;default&#8221;][et_pb_row _builder_version=&#8221;4.19.5&#8243; _module_preset=&#8221;default&#8221; theme_builder_area=&#8221;post_content&#8221;][et_pb_column _builder_version=&#8221;4.19.5&#8243; _module_preset=&#8221;default&#8221; type=&#8221;4_4&#8243; theme_builder_area=&#8221;post_content&#8221;][et_pb_text _builder_version=&#8221;4.19.5&#8243; _module_preset=&#8221;default&#8221; theme_builder_area=&#8221;post_content&#8221; hover_enabled=&#8221;0&#8243; sticky_enabled=&#8221;0&#8243;]<\/p>\n<p style=\"text-align: justify;\"><span>Ovo je prvi organizirani izlet HPD \u201eBeli\u0161\u0107e\u201c u ovoj godini, a inicijator izleta je Franjo \u0160mit.<\/span><br \/><span>Okupljanje je bilo kod kapelice Sv. Ane. Do\u0161lo nas je petnaestero i lagano smo krenuli stazom do na\u0161eg odmori\u0161ta na 61 km rijeke Drave. Dio mu\u0161ke ekipe prihvatio se skupljanja drva i lo\u017eenju vatre. Nas \u0161est \u010dlanica odlu\u010dile se na jo\u0161 malo hodanja i uputile se na vodocrpili\u0161te prema Gatu. Put smo nastavile lijevo uz \u0161umu i oranice. Usput smo u\u017eivale u branju i jedenju slatkih i so\u010dnih plodova \u0161ipka. Unijele smo si u organizam vitamina C, a sunce nas grijalo i davalo vitamin D. Ka\u017eu da su ti vitamini dobri za ja\u010danje organizma i \u010duvaju nas od ove nenormalne korone. Skre\u0107emo s puta na \u0161umski put i lagano sti\u017eemo do na\u0161eg odmori\u0161ta.<\/span><br \/><span>Stigao je jo\u0161 jedan na\u0161 \u010dlan, malo se dru\u017eio s nama i odlazi dalje hodati. Privla\u010di nas miris pe\u010dene slanine i mi uzimamo na\u0161e delicije za pe\u010denje i pridru\u017eujemo se ekipi uz vatru. Nakon ru\u010dka nastavljamo dru\u017eenje uz kavu i \u010daj. Bli\u017ei se vrijeme povratka, spremamo stvari i ostavljamo iza sebe \u010dist i uredan prostor. Staza je kroz \u0161umu uz baru Jugova\u010du, a na njoj su dva prekrasna labuda.<\/span><br \/><span>Krenule su i visibabe koje su nam uljep\u0161ale ovaj zimski, a ipak proljetni dan. Kod Sv. Ane mala pauza i pristi\u017ee nam jedna na\u0161a \u010dlanica koju je ovo lijepo vrijeme izmamilo van.<\/span><br \/><span>Lijep pozdrav do nekog novog dru\u017eenja.<\/span><br \/><span>Mila Andri\u0107<\/span><\/p>\n<p>[\/et_pb_text][et_pb_gallery _builder_version=&#8221;4.19.5&#8243; _module_preset=&#8221;default&#8221; theme_builder_area=&#8221;post_content&#8221; gallery_ids=&#8221;5370,5371,5372,5373,5374,5375,5376,5377,5378,5379,5380,5381,5382,5383,5384,5385,5386,5387,5388,5389,5390,5391,5392,5393,5394,5395,5396&#8243; posts_number=&#8221;27&#8243; show_title_and_caption=&#8221;off&#8221; hover_enabled=&#8221;0&#8243; sticky_enabled=&#8221;0&#8243;][\/et_pb_gallery][\/et_pb_column][\/et_pb_row][\/et_pb_section]<\/p>\n","protected":false},"excerpt":{"rendered":"<p>Ovo je prvi organizirani izlet HPD \u201eBeli\u0161\u0107e\u201c u ovoj godini, a inicijator izleta je Franjo \u0160mit.Okupljanje je bilo kod kapelice Sv. Ane. Do\u0161lo nas je petnaestero i lagano smo krenuli stazom do na\u0161eg odmori\u0161ta na 61 km rijeke Drave. Dio mu\u0161ke ekipe prihvatio se skupljanja drva i lo\u017eenju vatre. Nas \u0161est \u010dlanica odlu\u010dile se na [&hellip;]<\/p>\n","protected":false},"author":1,"featured_media":0,"comment_status":"closed","ping_status":"open","sticky":false,"template":"","format":"standard","meta":{"_et_pb_use_builder":"on","_et_pb_old_content":"","_et_gb_content_width":"1080","footnotes":""},"categories":[35],"tags":[],"class_list":["post-5368","post","type-post","status-publish","format-standard","hentry","category-35"],"_links":{"self":[{"href":"https:\/\/www.slavonski-planinari.hr\/arhiva\/wp-json\/wp\/v2\/posts\/5368","targetHints":{"allow":["GET"]}}],"collection":[{"href":"https:\/\/www.slavonski-planinari.hr\/arhiva\/wp-json\/wp\/v2\/posts"}],"about":[{"href":"https:\/\/www.slavonski-planinari.hr\/arhiva\/wp-json\/wp\/v2\/types\/post"}],"author":[{"embeddable":true,"href":"https:\/\/www.slavonski-planinari.hr\/arhiva\/wp-json\/wp\/v2\/users\/1"}],"replies":[{"embeddable":true,"href":"https:\/\/www.slavonski-planinari.hr\/arhiva\/wp-json\/wp\/v2\/comments?post=5368"}],"version-history":[{"count":0,"href":"https:\/\/www.slavonski-planinari.hr\/arhiva\/wp-json\/wp\/v2\/posts\/5368\/revisions"}],"wp:attachment":[{"href":"https:\/\/www.slavonski-planinari.hr\/arhiva\/wp-json\/wp\/v2\/media?parent=5368"}],"wp:term":[{"taxonomy":"category","embeddable":true,"href":"https:\/\/www.slavonski-planinari.hr\/arhiva\/wp-json\/wp\/v2\/categories?post=5368"},{"taxonomy":"post_tag","embeddable":true,"href":"https:\/\/www.slavonski-planinari.hr\/arhiva\/wp-json\/wp\/v2\/tags?post=5368"}],"curies":[{"name":"wp","href":"https:\/\/api.w.org\/{rel}","templated":true}]}}