{"id":5339,"date":"2020-12-11T09:55:00","date_gmt":"2020-12-11T08:55:00","guid":{"rendered":"https:\/\/www.slavonski-planinari.hr\/arhiva\/?p=5339"},"modified":"2023-02-01T10:02:32","modified_gmt":"2023-02-01T09:02:32","slug":"sretan-nam-svima-medunarodni-dan-planina-2020","status":"publish","type":"post","link":"https:\/\/www.slavonski-planinari.hr\/arhiva\/sretan-nam-svima-medunarodni-dan-planina-2020\/","title":{"rendered":"SRETAN NAM SVIMA ME\u0110UNARODNI DAN PLANINA 2020!!"},"content":{"rendered":"<p>[et_pb_section fb_built=&#8221;1&#8243; _builder_version=&#8221;4.19.5&#8243; _module_preset=&#8221;default&#8221; global_colors_info=&#8221;{}&#8221; custom_padding=&#8221;||211px|||&#8221;][et_pb_row _builder_version=&#8221;4.19.5&#8243; _module_preset=&#8221;default&#8221; global_colors_info=&#8221;{}&#8221;][et_pb_column type=&#8221;4_4&#8243; _builder_version=&#8221;4.19.5&#8243; _module_preset=&#8221;default&#8221; global_colors_info=&#8221;{}&#8221;][et_pb_text _builder_version=&#8221;4.19.5&#8243; _module_preset=&#8221;default&#8221; global_colors_info=&#8221;{}&#8221;]<\/p>\n<p><img loading=\"lazy\" decoding=\"async\" src=\"https:\/\/www.slavonski-planinari.hr\/arhiva\/wp-content\/uploads\/2023\/01\/mdp-logo.jpg\" width=\"170\" height=\"118\" alt=\"\" class=\"wp-image-3100 alignleft size-full\" \/>Jedanaesti prosinca obilje\u017eava se svake godine kao Me\u0111unarodni dan planina. Taj dan proglasila je Op\u0107a skup\u0161tina UN-a, nakon \u0161to su tijekom Me\u0111unarodne godine planina 2002. brojni stru\u010dnjaci ukazali na potrebu stalnog osvje\u0161\u0107ivanja svjetskog stanovni\u0161tva o golemom zna\u010denju planina i nu\u017enosti odr\u017eivog razvoja koji omogu\u0107ava njihovo o\u010duvanje.<\/p>\n<p><a href=\"https:\/\/www.hps.hr\/...\/medjunarodni-dan-planina-11-prosinca\/\">https:\/\/www.hps.hr\/&#8230;\/medjunarodni-dan-planina-11-prosinca\/<\/a><br \/><a href=\"https:\/\/www.un.org\/en\/observances\/mountain-day\">https:\/\/www.un.org\/en\/observances\/mountain-day<\/a><\/p>\n<p>[\/et_pb_text][et_pb_gallery gallery_ids=&#8221;5343,5344&#8243; show_title_and_caption=&#8221;off&#8221; _builder_version=&#8221;4.19.5&#8243; _module_preset=&#8221;default&#8221; global_colors_info=&#8221;{}&#8221;][\/et_pb_gallery][\/et_pb_column][\/et_pb_row][\/et_pb_section]<\/p>\n","protected":false},"excerpt":{"rendered":"<p>Jedanaesti prosinca obilje\u017eava se svake godine kao Me\u0111unarodni dan planina. Taj dan proglasila je Op\u0107a skup\u0161tina UN-a, nakon \u0161to su tijekom Me\u0111unarodne godine planina 2002. brojni stru\u010dnjaci ukazali na potrebu stalnog osvje\u0161\u0107ivanja svjetskog stanovni\u0161tva o golemom zna\u010denju planina i nu\u017enosti odr\u017eivog razvoja koji omogu\u0107ava njihovo o\u010duvanje. https:\/\/www.hps.hr\/&#8230;\/medjunarodni-dan-planina-11-prosinca\/https:\/\/www.un.org\/en\/observances\/mountain-day<\/p>\n","protected":false},"author":1,"featured_media":0,"comment_status":"closed","ping_status":"open","sticky":false,"template":"","format":"standard","meta":{"_et_pb_use_builder":"on","_et_pb_old_content":"","_et_gb_content_width":"1080","footnotes":""},"categories":[34],"tags":[],"class_list":["post-5339","post","type-post","status-publish","format-standard","hentry","category-34"],"_links":{"self":[{"href":"https:\/\/www.slavonski-planinari.hr\/arhiva\/wp-json\/wp\/v2\/posts\/5339","targetHints":{"allow":["GET"]}}],"collection":[{"href":"https:\/\/www.slavonski-planinari.hr\/arhiva\/wp-json\/wp\/v2\/posts"}],"about":[{"href":"https:\/\/www.slavonski-planinari.hr\/arhiva\/wp-json\/wp\/v2\/types\/post"}],"author":[{"embeddable":true,"href":"https:\/\/www.slavonski-planinari.hr\/arhiva\/wp-json\/wp\/v2\/users\/1"}],"replies":[{"embeddable":true,"href":"https:\/\/www.slavonski-planinari.hr\/arhiva\/wp-json\/wp\/v2\/comments?post=5339"}],"version-history":[{"count":0,"href":"https:\/\/www.slavonski-planinari.hr\/arhiva\/wp-json\/wp\/v2\/posts\/5339\/revisions"}],"wp:attachment":[{"href":"https:\/\/www.slavonski-planinari.hr\/arhiva\/wp-json\/wp\/v2\/media?parent=5339"}],"wp:term":[{"taxonomy":"category","embeddable":true,"href":"https:\/\/www.slavonski-planinari.hr\/arhiva\/wp-json\/wp\/v2\/categories?post=5339"},{"taxonomy":"post_tag","embeddable":true,"href":"https:\/\/www.slavonski-planinari.hr\/arhiva\/wp-json\/wp\/v2\/tags?post=5339"}],"curies":[{"name":"wp","href":"https:\/\/api.w.org\/{rel}","templated":true}]}}