{"id":5333,"date":"2020-11-24T09:53:00","date_gmt":"2020-11-24T08:53:00","guid":{"rendered":"https:\/\/www.slavonski-planinari.hr\/arhiva\/?p=5333"},"modified":"2023-02-01T09:54:38","modified_gmt":"2023-02-01T08:54:38","slug":"slavonski-planinarski-put-vazna-obavijest","status":"publish","type":"post","link":"https:\/\/www.slavonski-planinari.hr\/arhiva\/slavonski-planinarski-put-vazna-obavijest\/","title":{"rendered":"SLAVONSKI PLANINARSKI PUT &#8211; VA\u017dNA OBAVIJEST!!"},"content":{"rendered":"<p>[et_pb_section fb_built=&#8221;1&#8243; theme_builder_area=&#8221;post_content&#8221; _builder_version=&#8221;4.19.5&#8243; _module_preset=&#8221;default&#8221; custom_padding=&#8221;||421px|||&#8221;][et_pb_row _builder_version=&#8221;4.19.5&#8243; _module_preset=&#8221;default&#8221; theme_builder_area=&#8221;post_content&#8221;][et_pb_column _builder_version=&#8221;4.19.5&#8243; _module_preset=&#8221;default&#8221; type=&#8221;4_4&#8243; theme_builder_area=&#8221;post_content&#8221;][et_pb_text _builder_version=&#8221;4.19.5&#8243; _module_preset=&#8221;default&#8221; theme_builder_area=&#8221;post_content&#8221; hover_enabled=&#8221;0&#8243; sticky_enabled=&#8221;0&#8243;]<\/p>\n<p style=\"text-align: justify;\"><span>U tijeku je opse\u017eno ru\u0161enje \u0161ume na potezu od Petrovog vrha do Stan\u010devca i od Boraka do Pakra manastira.<\/span><br \/><span>Dobrim dijelom su poru\u0161ene i markacije, pa bi bilo pametno da se planinari i ostali korisnici jave Planinarsko dru\u0161tvo &#8220;Petrov Vrh&#8221; ako planiraju SPP-om od Petrovog vrha do Pakra manastira.<\/span><br \/><a href=\"http:\/\/www.planinari-petrovvrh.hr\/\">http:\/\/www.planinari-petrovvrh.hr\/<\/a><\/p>\n<p>[\/et_pb_text][\/et_pb_column][\/et_pb_row][\/et_pb_section]<\/p>\n","protected":false},"excerpt":{"rendered":"<p>U tijeku je opse\u017eno ru\u0161enje \u0161ume na potezu od Petrovog vrha do Stan\u010devca i od Boraka do Pakra manastira.Dobrim dijelom su poru\u0161ene i markacije, pa bi bilo pametno da se planinari i ostali korisnici jave Planinarsko dru\u0161tvo &#8220;Petrov Vrh&#8221; ako planiraju SPP-om od Petrovog vrha do Pakra manastira.http:\/\/www.planinari-petrovvrh.hr\/<\/p>\n","protected":false},"author":1,"featured_media":0,"comment_status":"closed","ping_status":"open","sticky":false,"template":"","format":"standard","meta":{"_et_pb_use_builder":"on","_et_pb_old_content":"","_et_gb_content_width":"1080","footnotes":""},"categories":[34],"tags":[],"class_list":["post-5333","post","type-post","status-publish","format-standard","hentry","category-34"],"_links":{"self":[{"href":"https:\/\/www.slavonski-planinari.hr\/arhiva\/wp-json\/wp\/v2\/posts\/5333","targetHints":{"allow":["GET"]}}],"collection":[{"href":"https:\/\/www.slavonski-planinari.hr\/arhiva\/wp-json\/wp\/v2\/posts"}],"about":[{"href":"https:\/\/www.slavonski-planinari.hr\/arhiva\/wp-json\/wp\/v2\/types\/post"}],"author":[{"embeddable":true,"href":"https:\/\/www.slavonski-planinari.hr\/arhiva\/wp-json\/wp\/v2\/users\/1"}],"replies":[{"embeddable":true,"href":"https:\/\/www.slavonski-planinari.hr\/arhiva\/wp-json\/wp\/v2\/comments?post=5333"}],"version-history":[{"count":0,"href":"https:\/\/www.slavonski-planinari.hr\/arhiva\/wp-json\/wp\/v2\/posts\/5333\/revisions"}],"wp:attachment":[{"href":"https:\/\/www.slavonski-planinari.hr\/arhiva\/wp-json\/wp\/v2\/media?parent=5333"}],"wp:term":[{"taxonomy":"category","embeddable":true,"href":"https:\/\/www.slavonski-planinari.hr\/arhiva\/wp-json\/wp\/v2\/categories?post=5333"},{"taxonomy":"post_tag","embeddable":true,"href":"https:\/\/www.slavonski-planinari.hr\/arhiva\/wp-json\/wp\/v2\/tags?post=5333"}],"curies":[{"name":"wp","href":"https:\/\/api.w.org\/{rel}","templated":true}]}}