{"id":5329,"date":"2020-11-14T09:51:00","date_gmt":"2020-11-14T08:51:00","guid":{"rendered":"https:\/\/www.slavonski-planinari.hr\/arhiva\/?p=5329"},"modified":"2023-02-01T09:53:25","modified_gmt":"2023-02-01T08:53:25","slug":"medunarodni-dan-planina-2020","status":"publish","type":"post","link":"https:\/\/www.slavonski-planinari.hr\/arhiva\/medunarodni-dan-planina-2020\/","title":{"rendered":"ME\u0110UNARODNI DAN PLANINA 2020."},"content":{"rendered":"<p>[et_pb_section fb_built=&#8221;1&#8243; theme_builder_area=&#8221;post_content&#8221; _builder_version=&#8221;4.19.5&#8243; _module_preset=&#8221;default&#8221;][et_pb_row _builder_version=&#8221;4.19.5&#8243; _module_preset=&#8221;default&#8221; theme_builder_area=&#8221;post_content&#8221;][et_pb_column _builder_version=&#8221;4.19.5&#8243; _module_preset=&#8221;default&#8221; type=&#8221;4_4&#8243; theme_builder_area=&#8221;post_content&#8221;][et_pb_text _builder_version=&#8221;4.19.5&#8243; _module_preset=&#8221;default&#8221; theme_builder_area=&#8221;post_content&#8221; hover_enabled=&#8221;0&#8243; sticky_enabled=&#8221;0&#8243;]<\/p>\n<p><img loading=\"lazy\" decoding=\"async\" src=\"https:\/\/www.slavonski-planinari.hr\/arhiva\/wp-content\/uploads\/2023\/02\/mdp-2020.jpg\" width=\"300\" height=\"251\" alt=\"\" class=\"wp-image-5331 alignleft size-full\" \/>U dogovoru sa suorganizatorom, Parkom prirode Papuk i pokroviteljem Hrvatskim planinarskim savezom, obilje\u017eavanje<\/p>\n<ol>\n<li>proslave Me\u0111unarodnog dana planina odvijat \u0107e se sukladno novonastalim epideomiolo\u0161kim mjerama.<\/li>\n<\/ol>\n<p>Predla\u017ee se da svako planinarsko dru\u0161tvo samostalno (s manjim brojem sudionika) prigodno obilje\u017ei MDP na Papuku ili svom gorju.<br \/>Po\u017eeljno je i napraviti zajedni\u010dku fotografiju (s razmakom izme\u0111u sudionika) i vidljivim logom MDP international mountain day.<\/p>\n<p><a href=\"https:\/\/www.un.org\/en\/observances\/mountain-day\">https:\/\/www.un.org\/en\/observances\/mountain-day<\/a><\/p>\n<p>[\/et_pb_text][\/et_pb_column][\/et_pb_row][\/et_pb_section]<\/p>\n","protected":false},"excerpt":{"rendered":"<p>U dogovoru sa suorganizatorom, Parkom prirode Papuk i pokroviteljem Hrvatskim planinarskim savezom, obilje\u017eavanje proslave Me\u0111unarodnog dana planina odvijat \u0107e se sukladno novonastalim epideomiolo\u0161kim mjerama. Predla\u017ee se da svako planinarsko dru\u0161tvo samostalno (s manjim brojem sudionika) prigodno obilje\u017ei MDP na Papuku ili svom gorju.Po\u017eeljno je i napraviti zajedni\u010dku fotografiju (s razmakom izme\u0111u sudionika) i vidljivim logom [&hellip;]<\/p>\n","protected":false},"author":1,"featured_media":0,"comment_status":"closed","ping_status":"open","sticky":false,"template":"","format":"standard","meta":{"_et_pb_use_builder":"on","_et_pb_old_content":"","_et_gb_content_width":"1080","footnotes":""},"categories":[34],"tags":[],"class_list":["post-5329","post","type-post","status-publish","format-standard","hentry","category-34"],"_links":{"self":[{"href":"https:\/\/www.slavonski-planinari.hr\/arhiva\/wp-json\/wp\/v2\/posts\/5329","targetHints":{"allow":["GET"]}}],"collection":[{"href":"https:\/\/www.slavonski-planinari.hr\/arhiva\/wp-json\/wp\/v2\/posts"}],"about":[{"href":"https:\/\/www.slavonski-planinari.hr\/arhiva\/wp-json\/wp\/v2\/types\/post"}],"author":[{"embeddable":true,"href":"https:\/\/www.slavonski-planinari.hr\/arhiva\/wp-json\/wp\/v2\/users\/1"}],"replies":[{"embeddable":true,"href":"https:\/\/www.slavonski-planinari.hr\/arhiva\/wp-json\/wp\/v2\/comments?post=5329"}],"version-history":[{"count":0,"href":"https:\/\/www.slavonski-planinari.hr\/arhiva\/wp-json\/wp\/v2\/posts\/5329\/revisions"}],"wp:attachment":[{"href":"https:\/\/www.slavonski-planinari.hr\/arhiva\/wp-json\/wp\/v2\/media?parent=5329"}],"wp:term":[{"taxonomy":"category","embeddable":true,"href":"https:\/\/www.slavonski-planinari.hr\/arhiva\/wp-json\/wp\/v2\/categories?post=5329"},{"taxonomy":"post_tag","embeddable":true,"href":"https:\/\/www.slavonski-planinari.hr\/arhiva\/wp-json\/wp\/v2\/tags?post=5329"}],"curies":[{"name":"wp","href":"https:\/\/api.w.org\/{rel}","templated":true}]}}