{"id":532,"date":"2022-12-20T07:32:31","date_gmt":"2022-12-20T06:32:31","guid":{"rendered":"https:\/\/www.slavonski-planinari.hr\/arhiva\/wp\/?p=532"},"modified":"2023-02-15T13:55:53","modified_gmt":"2023-02-15T12:55:53","slug":"23-zimski-pohod-novskim-brdom","status":"publish","type":"post","link":"https:\/\/www.slavonski-planinari.hr\/arhiva\/23-zimski-pohod-novskim-brdom\/","title":{"rendered":"23. Zimski pohod Novskim brdom"},"content":{"rendered":"<p>[et_pb_section fb_built=&#8221;1&#8243; admin_label=&#8221;section&#8221; _builder_version=&#8221;4.16&#8243; global_colors_info=&#8221;{}&#8221; theme_builder_area=&#8221;post_content&#8221;][et_pb_row _builder_version=&#8221;4.18.0&#8243; _module_preset=&#8221;default&#8221; global_colors_info=&#8221;{}&#8221; theme_builder_area=&#8221;post_content&#8221; custom_padding=&#8221;78px|||||&#8221;][et_pb_column type=&#8221;4_4&#8243; _builder_version=&#8221;4.18.0&#8243; _module_preset=&#8221;default&#8221; global_colors_info=&#8221;{}&#8221; theme_builder_area=&#8221;post_content&#8221;][et_pb_image src=&#8221;https:\/\/www.slavonski-planinari.hr\/arhiva\/wp-content\/uploads\/2022\/12\/Zimski-pohod-2023-pozivnica.jpg&#8221; title_text=&#8221;Zimski pohod 2023 pozivnica&#8221; align=&#8221;center&#8221; _builder_version=&#8221;4.19.4&#8243; _module_preset=&#8221;default&#8221; width=&#8221;36%&#8221; hover_enabled=&#8221;0&#8243; global_colors_info=&#8221;{}&#8221; theme_builder_area=&#8221;post_content&#8221; sticky_enabled=&#8221;0&#8243; show_in_lightbox=&#8221;on&#8221; transform_scale=&#8221;326%|326%&#8221;][\/et_pb_image][\/et_pb_column][\/et_pb_row][et_pb_row admin_label=&#8221;row&#8221; _builder_version=&#8221;4.16&#8243; background_size=&#8221;initial&#8221; background_position=&#8221;top_left&#8221; background_repeat=&#8221;repeat&#8221; global_colors_info=&#8221;{}&#8221; theme_builder_area=&#8221;post_content&#8221;][et_pb_column type=&#8221;4_4&#8243; _builder_version=&#8221;4.16&#8243; custom_padding=&#8221;|||&#8221; global_colors_info=&#8221;{}&#8221; custom_padding__hover=&#8221;|||&#8221; theme_builder_area=&#8221;post_content&#8221;][et_pb_text admin_label=&#8221;Text&#8221; _builder_version=&#8221;4.19.4&#8243; background_size=&#8221;initial&#8221; background_position=&#8221;top_left&#8221; background_repeat=&#8221;repeat&#8221; hover_enabled=&#8221;0&#8243; global_colors_info=&#8221;{}&#8221; theme_builder_area=&#8221;post_content&#8221; custom_padding=&#8221;85px|||||&#8221; sticky_enabled=&#8221;0&#8243;]<\/p>\n<p>Dragi planinarski prijatelji,<\/p>\n<p>s rado\u0161\u0107u Vas pozivamo na 23. Zimski pohod Novskim brdom nakon dvije godine pauze.<br \/>Ne znam jeste li \u010duli za nas, ali mi smo zapadnoslavonsko dru\u0161tvo koje kuha najbolju sarmu na svijetu, koju \u0107emo ponuditi i Vama na na\u0161em pohodu.<br \/>Od milja na\u0161 pohod zovemo Novljanska sarmijada.<br \/>Ove godine radimo oko 1.200 sarmi i nema smisla da ih moramo jesti sami do Bo\u017ei\u0107a 2024., stoga do\u0111ite nam pomo\u0107i u tome \ud83d\ude42<br \/>Tro\u0161ak kotizacije (donacije ili kako god to \u017eelite nazvati) za porciju sarme je 5 eura. Da, da&#8230; Ovo nam je prvi pohod u eurima i mi smo i sami zbunjeni, ali nekako \u0107emo pre\u017eivjeti to prera\u010dunavanje. Budu\u0107i da vi\u0161e nema kovanica u kunama morati \u0107emo to prera\u010dunati u 40 kn papirnatog novca, pa vam je bolje pripremiti 5 eura.<\/p>\n<p>Naravno da za Vas pripremamo i doru\u010dak, topli \u010daj, a mo\u017eda i jo\u0161 pone\u0161to. Ovo je gratis.<\/p>\n<p>Pohod kre\u0107e s Novljanskog jezera do kojeg se dolazi vozilima svih vrsta. Staza je kru\u017ena i vra\u0107a se na Novljansko jezero.<\/p>\n<p>Ove godine imamo dvije mogu\u0107nosti du\u017eu od cca 19 km koja ide na vrh Zmajevac. Kra\u0107a se na jednom dijelu odvaja i vra\u0107a na jezero nakon cca. 3,5 sati hoda.<\/p>\n<p>Za sve informacije stojim Vam na raspolaganju na 0991911091 (Melita Mihali\u0107)<\/p>\n<p>Prijave su do 09.01.2023. godine na mailove<span>\u00a0<\/span><span id=\"cloak40139b2cff76945cb7010a0494cb6a5f\"><a href=\"mailto:pd.zmajevac@hps.hr\">pd.zmajevac@hps.hr<\/a><\/span><span>\u00a0<\/span>ili<span>\u00a0<\/span><span id=\"cloaka9649a95bad5c90fd13a79c55e42feb0\"><a href=\"mailto:pd.zmajevac@gmail.com\">pd.zmajevac@gmail.com<\/a><\/span><br \/>Mo\u017ee i sms na navedeni broj mobitela.<\/p>\n<p>\u017delimo Vam svima cestit Bo\u017ei\u0107, sretnu, uspje\u0161nu i zdravu 2023. godinu!<\/p>\n<p>Srda\u010dan pozdrav \u0161alju Vam svima novljanski Zmajevi i i Zmaj\u010dice.<\/p>\n<p>Predsjednica, Melita Mihali\u0107<\/p>\n<p>[\/et_pb_text][\/et_pb_column][\/et_pb_row][\/et_pb_section]<\/p>\n","protected":false},"excerpt":{"rendered":"<p>Dragi planinarski prijatelji, s rado\u0161\u0107u Vas pozivamo na 23. Zimski pohod Novskim brdom nakon dvije godine pauze.Ne znam jeste li \u010duli za nas, ali mi smo zapadnoslavonsko dru\u0161tvo koje kuha najbolju sarmu na svijetu, koju \u0107emo ponuditi i Vama na na\u0161em pohodu.Od milja na\u0161 pohod zovemo Novljanska sarmijada.Ove godine radimo oko 1.200 sarmi i nema [&hellip;]<\/p>\n","protected":false},"author":1,"featured_media":533,"comment_status":"closed","ping_status":"open","sticky":false,"template":"","format":"standard","meta":{"_et_pb_use_builder":"on","_et_pb_old_content":"","_et_gb_content_width":"1080","footnotes":""},"categories":[37],"tags":[],"class_list":["post-532","post","type-post","status-publish","format-standard","has-post-thumbnail","hentry","category-37"],"_links":{"self":[{"href":"https:\/\/www.slavonski-planinari.hr\/arhiva\/wp-json\/wp\/v2\/posts\/532","targetHints":{"allow":["GET"]}}],"collection":[{"href":"https:\/\/www.slavonski-planinari.hr\/arhiva\/wp-json\/wp\/v2\/posts"}],"about":[{"href":"https:\/\/www.slavonski-planinari.hr\/arhiva\/wp-json\/wp\/v2\/types\/post"}],"author":[{"embeddable":true,"href":"https:\/\/www.slavonski-planinari.hr\/arhiva\/wp-json\/wp\/v2\/users\/1"}],"replies":[{"embeddable":true,"href":"https:\/\/www.slavonski-planinari.hr\/arhiva\/wp-json\/wp\/v2\/comments?post=532"}],"version-history":[{"count":0,"href":"https:\/\/www.slavonski-planinari.hr\/arhiva\/wp-json\/wp\/v2\/posts\/532\/revisions"}],"wp:featuredmedia":[{"embeddable":true,"href":"https:\/\/www.slavonski-planinari.hr\/arhiva\/wp-json\/wp\/v2\/media\/533"}],"wp:attachment":[{"href":"https:\/\/www.slavonski-planinari.hr\/arhiva\/wp-json\/wp\/v2\/media?parent=532"}],"wp:term":[{"taxonomy":"category","embeddable":true,"href":"https:\/\/www.slavonski-planinari.hr\/arhiva\/wp-json\/wp\/v2\/categories?post=532"},{"taxonomy":"post_tag","embeddable":true,"href":"https:\/\/www.slavonski-planinari.hr\/arhiva\/wp-json\/wp\/v2\/tags?post=532"}],"curies":[{"name":"wp","href":"https:\/\/api.w.org\/{rel}","templated":true}]}}