{"id":5273,"date":"2020-10-26T09:34:00","date_gmt":"2020-10-26T08:34:00","guid":{"rendered":"https:\/\/www.slavonski-planinari.hr\/arhiva\/?p=5273"},"modified":"2023-02-01T09:48:29","modified_gmt":"2023-02-01T08:48:29","slug":"godisnja-skupstina-udruge-slavonski-planinari","status":"publish","type":"post","link":"https:\/\/www.slavonski-planinari.hr\/arhiva\/godisnja-skupstina-udruge-slavonski-planinari\/","title":{"rendered":"Godi\u0161nja Skup\u0161tina udruge \u201eSlavonski planinari\u201c"},"content":{"rendered":"<p>[et_pb_section fb_built=&#8221;1&#8243; theme_builder_area=&#8221;post_content&#8221; _builder_version=&#8221;4.19.5&#8243; _module_preset=&#8221;default&#8221;][et_pb_row _builder_version=&#8221;4.19.5&#8243; _module_preset=&#8221;default&#8221; theme_builder_area=&#8221;post_content&#8221;][et_pb_column _builder_version=&#8221;4.19.5&#8243; _module_preset=&#8221;default&#8221; type=&#8221;4_4&#8243; theme_builder_area=&#8221;post_content&#8221;][et_pb_text _builder_version=&#8221;4.19.5&#8243; _module_preset=&#8221;default&#8221; theme_builder_area=&#8221;post_content&#8221; hover_enabled=&#8221;0&#8243; sticky_enabled=&#8221;0&#8243;]<\/p>\n<p style=\"text-align: justify;\">Godi\u0161nja Skup\u0161tina udruge \u201eSlavonski planinari\u201c odr\u017eana je u nedjelju, 25. 10. 2020. u Virovitici, u Dvorcu Peja\u010devi\u0107, u prostoru Gradskog muzeja Virovitica. Za skup\u0161tinu je bio predlo\u017een i jednoglasno usvojen slijede\u0107i Dnevni red:<\/p>\n<ol style=\"text-align: justify;\">\n<li>Izbor radnih tijela i utvr\u0111ivanje kvoruma<\/li>\n<li>Usvajanje Poslovnika o radu Skup\u0161tine SP<\/li>\n<li>Imenovanje novih du\u017enosnika (dopredsjednik i \u010dlanovi Upravnog odbora)<\/li>\n<li>Izvje\u0161taj o radu SP izme\u0111u dvije izvje\u0161tajne skup\u0161tine, rasprava i usvajanje<\/li>\n<li>Financijski izvje\u0161taj za 2019., Financijski plan za 2020., rasprava i usvajanje<\/li>\n<li>Izvje\u0161taj NO i Suda \u010dasti za prethodnu godinu, rasprava i usvajanje<\/li>\n<li>Plan rada SP za slijede\u0107u programsku godinu, rasprava i usvajanje<\/li>\n<li>Dono\u0161enje novog Statuta SP, rasprava i usvajanje<\/li>\n<li>Prijedlog Pravilnika o radu Suda \u010dasti, rasprava i usvajanje<\/li>\n<li>Inicijativa za osnivanje \u017eupanijskih planinarskih saveza<\/li>\n<li>Izvje\u0161\u0107e direktora \u201eSlavonski planinari\u201c j.d.o.o. i rasprava o poslovanju poduze\u0107a<\/li>\n<li>Rasprava o poslovnom prostoru Slavonskih planinara<\/li>\n<li>Dodjela priznanja i zahvala<\/li>\n<li>Razli\u010dito<\/li>\n<\/ol>\n<p style=\"text-align: justify;\">Sve to\u010dke dnevnog reda usvojene su ve\u0107inom glasova, a za nove \u010dlanove Upravnog odbora udruge izabrani su Kristijan Horvat iz Osijeka i Vlado La\u0111arevi\u0107 iz Slavonskog Broda, dok je za novog dopredsjednika izabran Milijan \u017dulj iz Osijeka. Ispred doma\u0107ina HPD-a \u201ePapuk\u201c Virovitica skup\u0161tinu je otvorio i zatvorio predsjednik dru\u0161tva g. Mario Ripli, a sudionike skup\u0161tine je ispred Grada Virovitice pozdravila zamjenica gradona\u010delnika gospo\u0111a Vlasta Honjek \u2013 Golinac. Zahvaljujemo se HPD-u \u201ePapuk\u201c Virovitica na organizaciji skup\u0161tine i domjenka, i Gradskom muzeju Virovitica na ustupanju prostora i na organizaciji obilaska novootvorenog stalnog postava Gradskog muzeja uz stru\u010dno vodstvo.<\/p>\n<p>[\/et_pb_text][et_pb_gallery _builder_version=&#8221;4.19.5&#8243; _module_preset=&#8221;default&#8221; theme_builder_area=&#8221;post_content&#8221; gallery_ids=&#8221;5275,5276,5277,5278,5279,5280,5281,5282,5283,5284,5285,5286,5287,5288,5289,5290,5291,5292,5293,5294,5295,5296,5297,5298,5299,5300,5301,5302,5303,5304,5305,5306,5307,5308,5309,5310,5311,5312,5313,5314,5315,5316,5317,5318,5319,5320,5321,5322,5323,5324,5325,5326&#8243; posts_number=&#8221;52&#8243; show_title_and_caption=&#8221;off&#8221; hover_enabled=&#8221;0&#8243; sticky_enabled=&#8221;0&#8243;][\/et_pb_gallery][\/et_pb_column][\/et_pb_row][\/et_pb_section]<\/p>\n","protected":false},"excerpt":{"rendered":"<p>Godi\u0161nja Skup\u0161tina udruge \u201eSlavonski planinari\u201c odr\u017eana je u nedjelju, 25. 10. 2020. u Virovitici, u Dvorcu Peja\u010devi\u0107, u prostoru Gradskog muzeja Virovitica. Za skup\u0161tinu je bio predlo\u017een i jednoglasno usvojen slijede\u0107i Dnevni red: Izbor radnih tijela i utvr\u0111ivanje kvoruma Usvajanje Poslovnika o radu Skup\u0161tine SP Imenovanje novih du\u017enosnika (dopredsjednik i \u010dlanovi Upravnog odbora) Izvje\u0161taj o [&hellip;]<\/p>\n","protected":false},"author":1,"featured_media":0,"comment_status":"closed","ping_status":"open","sticky":false,"template":"","format":"standard","meta":{"_et_pb_use_builder":"on","_et_pb_old_content":"","_et_gb_content_width":"1080","footnotes":""},"categories":[34],"tags":[],"class_list":["post-5273","post","type-post","status-publish","format-standard","hentry","category-34"],"_links":{"self":[{"href":"https:\/\/www.slavonski-planinari.hr\/arhiva\/wp-json\/wp\/v2\/posts\/5273","targetHints":{"allow":["GET"]}}],"collection":[{"href":"https:\/\/www.slavonski-planinari.hr\/arhiva\/wp-json\/wp\/v2\/posts"}],"about":[{"href":"https:\/\/www.slavonski-planinari.hr\/arhiva\/wp-json\/wp\/v2\/types\/post"}],"author":[{"embeddable":true,"href":"https:\/\/www.slavonski-planinari.hr\/arhiva\/wp-json\/wp\/v2\/users\/1"}],"replies":[{"embeddable":true,"href":"https:\/\/www.slavonski-planinari.hr\/arhiva\/wp-json\/wp\/v2\/comments?post=5273"}],"version-history":[{"count":0,"href":"https:\/\/www.slavonski-planinari.hr\/arhiva\/wp-json\/wp\/v2\/posts\/5273\/revisions"}],"wp:attachment":[{"href":"https:\/\/www.slavonski-planinari.hr\/arhiva\/wp-json\/wp\/v2\/media?parent=5273"}],"wp:term":[{"taxonomy":"category","embeddable":true,"href":"https:\/\/www.slavonski-planinari.hr\/arhiva\/wp-json\/wp\/v2\/categories?post=5273"},{"taxonomy":"post_tag","embeddable":true,"href":"https:\/\/www.slavonski-planinari.hr\/arhiva\/wp-json\/wp\/v2\/tags?post=5273"}],"curies":[{"name":"wp","href":"https:\/\/api.w.org\/{rel}","templated":true}]}}