{"id":5268,"date":"2020-09-20T09:30:00","date_gmt":"2020-09-20T08:30:00","guid":{"rendered":"https:\/\/www.slavonski-planinari.hr\/arhiva\/?p=5268"},"modified":"2023-02-01T09:33:47","modified_gmt":"2023-02-01T08:33:47","slug":"sjednica-uo-sp-16-09-2020","status":"publish","type":"post","link":"https:\/\/www.slavonski-planinari.hr\/arhiva\/sjednica-uo-sp-16-09-2020\/","title":{"rendered":"Sjednica UO SP &#8211; 16.09.2020."},"content":{"rendered":"<p>[et_pb_section fb_built=&#8221;1&#8243; theme_builder_area=&#8221;post_content&#8221; _builder_version=&#8221;4.19.5&#8243; _module_preset=&#8221;default&#8221;][et_pb_row _builder_version=&#8221;4.19.5&#8243; _module_preset=&#8221;default&#8221; theme_builder_area=&#8221;post_content&#8221;][et_pb_column _builder_version=&#8221;4.19.5&#8243; _module_preset=&#8221;default&#8221; type=&#8221;4_4&#8243; theme_builder_area=&#8221;post_content&#8221;][et_pb_text _builder_version=&#8221;4.19.5&#8243; _module_preset=&#8221;default&#8221; theme_builder_area=&#8221;post_content&#8221; hover_enabled=&#8221;0&#8243; sticky_enabled=&#8221;0&#8243;]<\/p>\n<p style=\"text-align: justify;\"><span>U petak, 16. 9. 2020., u Vinkovcima, odr\u017eana je sjednica Upravnog odbora Udruge \u201eSlavonski planinari\u201c. Pored aktualne problematike oko rada planinarskih udruga Slavonije, Baranje i Zapadnog Srijema u vrijeme epidemije C19, raspravljalo se o organizaciji Skup\u0161tine Slavonskih planinara, usvojen je zapisnik sa prethodne sjednice. Osvrnulo se i na realizaciju dogovorenog sa prethodne sjednice UO te je bilo rasprave o prijedlozima oko podjele priznanja Slavonskih planinara udrugama i pojedincima. Pod to\u010dkom razno aktivno se raspravljalo o Slavonskom planinarskom putu te se me\u0111u odbornicima pokazala sna\u017ena volja i spremnost na ja\u010danje ovakvog oblika promocije planinarstva u Slavoniji i \u0161ire.<\/span><\/p>\n<p style=\"text-align: justify;\"><span><img loading=\"lazy\" decoding=\"async\" src=\"https:\/\/www.slavonski-planinari.hr\/arhiva\/wp-content\/uploads\/2023\/02\/SJEDNICA-UO-1609-1.jpg\" width=\"460\" height=\"345\" alt=\"\" class=\"wp-image-5270 alignleft size-full\" \/> <img loading=\"lazy\" decoding=\"async\" src=\"https:\/\/www.slavonski-planinari.hr\/arhiva\/wp-content\/uploads\/2023\/02\/SJEDNICA-UO-1609-2.jpg\" width=\"460\" height=\"345\" alt=\"\" class=\"wp-image-5271 alignright size-full\" \/><br \/><\/span><\/p>\n<p>[\/et_pb_text][\/et_pb_column][\/et_pb_row][\/et_pb_section]<\/p>\n","protected":false},"excerpt":{"rendered":"<p>U petak, 16. 9. 2020., u Vinkovcima, odr\u017eana je sjednica Upravnog odbora Udruge \u201eSlavonski planinari\u201c. Pored aktualne problematike oko rada planinarskih udruga Slavonije, Baranje i Zapadnog Srijema u vrijeme epidemije C19, raspravljalo se o organizaciji Skup\u0161tine Slavonskih planinara, usvojen je zapisnik sa prethodne sjednice. Osvrnulo se i na realizaciju dogovorenog sa prethodne sjednice UO te [&hellip;]<\/p>\n","protected":false},"author":1,"featured_media":0,"comment_status":"closed","ping_status":"open","sticky":false,"template":"","format":"standard","meta":{"_et_pb_use_builder":"on","_et_pb_old_content":"","_et_gb_content_width":"1080","footnotes":""},"categories":[34],"tags":[],"class_list":["post-5268","post","type-post","status-publish","format-standard","hentry","category-34"],"_links":{"self":[{"href":"https:\/\/www.slavonski-planinari.hr\/arhiva\/wp-json\/wp\/v2\/posts\/5268","targetHints":{"allow":["GET"]}}],"collection":[{"href":"https:\/\/www.slavonski-planinari.hr\/arhiva\/wp-json\/wp\/v2\/posts"}],"about":[{"href":"https:\/\/www.slavonski-planinari.hr\/arhiva\/wp-json\/wp\/v2\/types\/post"}],"author":[{"embeddable":true,"href":"https:\/\/www.slavonski-planinari.hr\/arhiva\/wp-json\/wp\/v2\/users\/1"}],"replies":[{"embeddable":true,"href":"https:\/\/www.slavonski-planinari.hr\/arhiva\/wp-json\/wp\/v2\/comments?post=5268"}],"version-history":[{"count":0,"href":"https:\/\/www.slavonski-planinari.hr\/arhiva\/wp-json\/wp\/v2\/posts\/5268\/revisions"}],"wp:attachment":[{"href":"https:\/\/www.slavonski-planinari.hr\/arhiva\/wp-json\/wp\/v2\/media?parent=5268"}],"wp:term":[{"taxonomy":"category","embeddable":true,"href":"https:\/\/www.slavonski-planinari.hr\/arhiva\/wp-json\/wp\/v2\/categories?post=5268"},{"taxonomy":"post_tag","embeddable":true,"href":"https:\/\/www.slavonski-planinari.hr\/arhiva\/wp-json\/wp\/v2\/tags?post=5268"}],"curies":[{"name":"wp","href":"https:\/\/api.w.org\/{rel}","templated":true}]}}