{"id":5264,"date":"2020-09-19T09:28:00","date_gmt":"2020-09-19T08:28:00","guid":{"rendered":"https:\/\/www.slavonski-planinari.hr\/arhiva\/?p=5264"},"modified":"2023-02-01T09:30:22","modified_gmt":"2023-02-01T08:30:22","slug":"in-memoriam-borislav-cerni","status":"publish","type":"post","link":"https:\/\/www.slavonski-planinari.hr\/arhiva\/in-memoriam-borislav-cerni\/","title":{"rendered":"IN MEMORIAM BORISLAV \u010cERNI"},"content":{"rendered":"<p>[et_pb_section fb_built=&#8221;1&#8243; theme_builder_area=&#8221;post_content&#8221; _builder_version=&#8221;4.19.5&#8243; _module_preset=&#8221;default&#8221; custom_padding=&#8221;||286px|||&#8221;][et_pb_row _builder_version=&#8221;4.19.5&#8243; _module_preset=&#8221;default&#8221; theme_builder_area=&#8221;post_content&#8221;][et_pb_column _builder_version=&#8221;4.19.5&#8243; _module_preset=&#8221;default&#8221; type=&#8221;4_4&#8243; theme_builder_area=&#8221;post_content&#8221;][et_pb_text _builder_version=&#8221;4.19.5&#8243; _module_preset=&#8221;default&#8221; theme_builder_area=&#8221;post_content&#8221; hover_enabled=&#8221;0&#8243; sticky_enabled=&#8221;0&#8243;]<\/p>\n<p><span><img loading=\"lazy\" decoding=\"async\" src=\"https:\/\/www.slavonski-planinari.hr\/arhiva\/wp-content\/uploads\/2023\/02\/cerni.jpg\" width=\"370\" height=\"156\" alt=\"\" class=\"wp-image-5266 alignleft size-full\" srcset=\"https:\/\/www.slavonski-planinari.hr\/arhiva\/wp-content\/uploads\/2023\/02\/cerni-980x413.jpg 980w, https:\/\/www.slavonski-planinari.hr\/arhiva\/wp-content\/uploads\/2023\/02\/cerni-480x203.jpg 480w\" sizes=\"(min-width: 0px) and (max-width: 480px) 480px, (min-width: 481px) and (max-width: 980px) 980px, 100vw\" \/>Dana 16.09. 2020.g iznenada nas je u 68.godini napustio Borislav \u010cerni. Bio je planinar sa 50-godi\u0161njim sta\u017eom u planinarskom dru\u0161tvu Psunj iz Pakraca.<\/span><br \/><span>U svojoj dugogodi\u0161njoj planinarskoj karijeri obna\u0161ao je brojne du\u017enosti od predsjednika dru\u0161tva, \u010dlana Izvr\u0161nog odbora, voditelja sekcije za izlete i propagandu do dopredsjednika dru\u0161tva.<\/span><br \/><span>Za svoj rad i nesebi\u010dno davanje dobio je i brojna priznanja \u2013 Plaketa HPSa (najvi\u0161e priznanje u hrvatskom planinarstvu), Povelja zahvalnosti Po\u017ee\u0161ko-slavonske \u017eupanije, Zlatna plaketa grada Pakraca te brojna druga priznanja i zahvale.<\/span><br \/><span>Po\u010divao u miru Bo\u017ejem.<\/span><br \/><span>(preuzeto sa\u00a0<\/span><a href=\"http:\/\/pdpsunj.hr\/napustio-nas-je-borislav-cerni\/\">http:\/\/pdpsunj.hr\/napustio-nas-je-borislav-cerni\/<\/a><span>)<\/span><\/p>\n<p>[\/et_pb_text][\/et_pb_column][\/et_pb_row][\/et_pb_section]<\/p>\n","protected":false},"excerpt":{"rendered":"<p>Dana 16.09. 2020.g iznenada nas je u 68.godini napustio Borislav \u010cerni. Bio je planinar sa 50-godi\u0161njim sta\u017eom u planinarskom dru\u0161tvu Psunj iz Pakraca.U svojoj dugogodi\u0161njoj planinarskoj karijeri obna\u0161ao je brojne du\u017enosti od predsjednika dru\u0161tva, \u010dlana Izvr\u0161nog odbora, voditelja sekcije za izlete i propagandu do dopredsjednika dru\u0161tva.Za svoj rad i nesebi\u010dno davanje dobio je i brojna [&hellip;]<\/p>\n","protected":false},"author":1,"featured_media":0,"comment_status":"closed","ping_status":"open","sticky":false,"template":"","format":"standard","meta":{"_et_pb_use_builder":"on","_et_pb_old_content":"","_et_gb_content_width":"1080","footnotes":""},"categories":[34],"tags":[],"class_list":["post-5264","post","type-post","status-publish","format-standard","hentry","category-34"],"_links":{"self":[{"href":"https:\/\/www.slavonski-planinari.hr\/arhiva\/wp-json\/wp\/v2\/posts\/5264","targetHints":{"allow":["GET"]}}],"collection":[{"href":"https:\/\/www.slavonski-planinari.hr\/arhiva\/wp-json\/wp\/v2\/posts"}],"about":[{"href":"https:\/\/www.slavonski-planinari.hr\/arhiva\/wp-json\/wp\/v2\/types\/post"}],"author":[{"embeddable":true,"href":"https:\/\/www.slavonski-planinari.hr\/arhiva\/wp-json\/wp\/v2\/users\/1"}],"replies":[{"embeddable":true,"href":"https:\/\/www.slavonski-planinari.hr\/arhiva\/wp-json\/wp\/v2\/comments?post=5264"}],"version-history":[{"count":0,"href":"https:\/\/www.slavonski-planinari.hr\/arhiva\/wp-json\/wp\/v2\/posts\/5264\/revisions"}],"wp:attachment":[{"href":"https:\/\/www.slavonski-planinari.hr\/arhiva\/wp-json\/wp\/v2\/media?parent=5264"}],"wp:term":[{"taxonomy":"category","embeddable":true,"href":"https:\/\/www.slavonski-planinari.hr\/arhiva\/wp-json\/wp\/v2\/categories?post=5264"},{"taxonomy":"post_tag","embeddable":true,"href":"https:\/\/www.slavonski-planinari.hr\/arhiva\/wp-json\/wp\/v2\/tags?post=5264"}],"curies":[{"name":"wp","href":"https:\/\/api.w.org\/{rel}","templated":true}]}}