{"id":5241,"date":"2020-09-08T09:23:00","date_gmt":"2020-09-08T08:23:00","guid":{"rendered":"https:\/\/www.slavonski-planinari.hr\/arhiva\/?p=5241"},"modified":"2023-02-01T09:27:05","modified_gmt":"2023-02-01T08:27:05","slug":"planinari-belisca-u-pohodu-na-lisku-06-09-2020","status":"publish","type":"post","link":"https:\/\/www.slavonski-planinari.hr\/arhiva\/planinari-belisca-u-pohodu-na-lisku-06-09-2020\/","title":{"rendered":"Planinari Beli\u0161\u0107a u pohodu na Lisku &#8211; 06.09.2020."},"content":{"rendered":"<p>[et_pb_section fb_built=&#8221;1&#8243; theme_builder_area=&#8221;post_content&#8221; _builder_version=&#8221;4.19.5&#8243; _module_preset=&#8221;default&#8221;][et_pb_row _builder_version=&#8221;4.19.5&#8243; _module_preset=&#8221;default&#8221; theme_builder_area=&#8221;post_content&#8221;][et_pb_column _builder_version=&#8221;4.19.5&#8243; _module_preset=&#8221;default&#8221; type=&#8221;4_4&#8243; theme_builder_area=&#8221;post_content&#8221;][et_pb_text _builder_version=&#8221;4.19.5&#8243; _module_preset=&#8221;default&#8221; theme_builder_area=&#8221;post_content&#8221; hover_enabled=&#8221;0&#8243; sticky_enabled=&#8221;0&#8243;]<\/p>\n<p style=\"text-align: justify;\"><span>Doma\u0107in dana\u0161njeg pohoda je HPD \u201eCibalia\u201c Vinkovci koji organiziraju \u0161estu godinu zaredom pohod na Lisku. Odazvalo se sedam planinarskih dru\u0161tava i okupilo se oko stotinjak planinara.<\/span><br \/><span>Okupljanje je bilo kod kapelice Sv. Ane na cesti \u0160arengrad \u2013 Babska. Doma\u0107in nas do\u010dekuje sa \u010da\u0161icom dobrodo\u0161lice, kavom i masnim kruhom.<\/span><br \/><span>Nakon pozdravne rije\u010di doma\u0107ina Igora Na\u0111a kre\u0107e se na staze. Du\u017ea staza je Babska \u2013 Liska \u2013 Vukovo oko du\u017eine oko 18 km., a druga staza je Izvor \u2013 Liska \u2013 Vukovo oko du\u017eine oko 8 km. Mi smo odabrali kra\u0107u stazu na koju nas doma\u0107in autobusom prevozi na po\u010detnu to\u010dku. Staza nije zahtjevna i podsje\u0107a me na Feri\u010dana\u010dki pohod \u201e Kroz \u0161ume i vinograde\u201c.<\/span><br \/><span>Uz male pauze stigli smo do vrha Liska &#8211; 297 m ( najvi\u0161i vrh Vukovarsko srijemske \u017eupanije ). Tu smo se dru\u017eili i odmarali \u010dekaju\u0107i planinare sa du\u017ee staze. \u010cekali smo ih dva sata i do\u010dekali prvih par planinara, te mi odmorni smo krenuli prema Vukovom oku prepu\u0161taju\u0107i im mjesto da se i oni odmore. Sti\u017eemo na Vukovo oko sa kojeg imamo predivan pogled. Tu smo \u010dekali da se svi skupimo i doma\u0107in je sve voza\u010de osobnih auta odvezao po iste.<\/span><br \/><span>Pozdravljamo se sa doma\u0107inima i odlazimo doma.<\/span><br \/><span>Mila Andri\u0107<\/span><\/p>\n<p>[\/et_pb_text][et_pb_gallery _builder_version=&#8221;4.19.5&#8243; _module_preset=&#8221;default&#8221; theme_builder_area=&#8221;post_content&#8221; gallery_ids=&#8221;5243,5244,5245,5246,5247,5248,5249,5250,5251,5252,5253,5254,5255,5256,5257,5258,5259,5260,5261,5262&#8243; posts_number=&#8221;20&#8243; show_title_and_caption=&#8221;off&#8221; hover_enabled=&#8221;0&#8243; sticky_enabled=&#8221;0&#8243;][\/et_pb_gallery][\/et_pb_column][\/et_pb_row][\/et_pb_section]<\/p>\n","protected":false},"excerpt":{"rendered":"<p>Doma\u0107in dana\u0161njeg pohoda je HPD \u201eCibalia\u201c Vinkovci koji organiziraju \u0161estu godinu zaredom pohod na Lisku. Odazvalo se sedam planinarskih dru\u0161tava i okupilo se oko stotinjak planinara.Okupljanje je bilo kod kapelice Sv. Ane na cesti \u0160arengrad \u2013 Babska. Doma\u0107in nas do\u010dekuje sa \u010da\u0161icom dobrodo\u0161lice, kavom i masnim kruhom.Nakon pozdravne rije\u010di doma\u0107ina Igora Na\u0111a kre\u0107e se na [&hellip;]<\/p>\n","protected":false},"author":1,"featured_media":0,"comment_status":"closed","ping_status":"open","sticky":false,"template":"","format":"standard","meta":{"_et_pb_use_builder":"on","_et_pb_old_content":"","_et_gb_content_width":"1080","footnotes":""},"categories":[34],"tags":[],"class_list":["post-5241","post","type-post","status-publish","format-standard","hentry","category-34"],"_links":{"self":[{"href":"https:\/\/www.slavonski-planinari.hr\/arhiva\/wp-json\/wp\/v2\/posts\/5241","targetHints":{"allow":["GET"]}}],"collection":[{"href":"https:\/\/www.slavonski-planinari.hr\/arhiva\/wp-json\/wp\/v2\/posts"}],"about":[{"href":"https:\/\/www.slavonski-planinari.hr\/arhiva\/wp-json\/wp\/v2\/types\/post"}],"author":[{"embeddable":true,"href":"https:\/\/www.slavonski-planinari.hr\/arhiva\/wp-json\/wp\/v2\/users\/1"}],"replies":[{"embeddable":true,"href":"https:\/\/www.slavonski-planinari.hr\/arhiva\/wp-json\/wp\/v2\/comments?post=5241"}],"version-history":[{"count":0,"href":"https:\/\/www.slavonski-planinari.hr\/arhiva\/wp-json\/wp\/v2\/posts\/5241\/revisions"}],"wp:attachment":[{"href":"https:\/\/www.slavonski-planinari.hr\/arhiva\/wp-json\/wp\/v2\/media?parent=5241"}],"wp:term":[{"taxonomy":"category","embeddable":true,"href":"https:\/\/www.slavonski-planinari.hr\/arhiva\/wp-json\/wp\/v2\/categories?post=5241"},{"taxonomy":"post_tag","embeddable":true,"href":"https:\/\/www.slavonski-planinari.hr\/arhiva\/wp-json\/wp\/v2\/tags?post=5241"}],"curies":[{"name":"wp","href":"https:\/\/api.w.org\/{rel}","templated":true}]}}