{"id":5214,"date":"2020-06-18T09:18:00","date_gmt":"2020-06-18T08:18:00","guid":{"rendered":"https:\/\/www.slavonski-planinari.hr\/arhiva\/?p=5214"},"modified":"2023-02-01T09:20:50","modified_gmt":"2023-02-01T08:20:50","slug":"izlet-hpd-belisce-na-papuk","status":"publish","type":"post","link":"https:\/\/www.slavonski-planinari.hr\/arhiva\/izlet-hpd-belisce-na-papuk\/","title":{"rendered":"Izlet HPD Beli\u0161\u0107e na Papuk"},"content":{"rendered":"<p>[et_pb_section fb_built=&#8221;1&#8243; theme_builder_area=&#8221;post_content&#8221; _builder_version=&#8221;4.19.5&#8243; _module_preset=&#8221;default&#8221;][et_pb_row _builder_version=&#8221;4.19.5&#8243; _module_preset=&#8221;default&#8221; theme_builder_area=&#8221;post_content&#8221;][et_pb_column _builder_version=&#8221;4.19.5&#8243; _module_preset=&#8221;default&#8221; type=&#8221;4_4&#8243; theme_builder_area=&#8221;post_content&#8221;][et_pb_text _builder_version=&#8221;4.19.5&#8243; _module_preset=&#8221;default&#8221; theme_builder_area=&#8221;post_content&#8221; hover_enabled=&#8221;0&#8243; sticky_enabled=&#8221;0&#8243;]<\/p>\n<p style=\"text-align: justify;\"><span>U nedjelju 14. lipnja, Planinarsko dru\u0161tvo Beli\u0161\u0107e organiziralo je odlazak na planinarski izlet u Veliku. Okupilo se 11 \u010dlanova na\u0161eg dru\u0161tva i krenulo na put.<\/span><br \/><span>Cilj nam je bio vrh Iva\u010dka glava.<\/span><br \/><span>Iva\u010dka glava je kamenit vrh na glavnom hrptu Papuka. Ime je navodno dobila po veli\u010dkom plemi\u0107u Ivanku, a u davnini je bila poznata i pod imenom Klinovac. Na vrhu je neko\u0107 stajala razgledna piramida, podignuta radi prostranog vidika preko Podravine sve do planine Mecsek u Ma\u0111arskoj, a preko Po\u017ee\u0161ke kotline do bosanskih planina. Iako danas nema piramide, po slikovitosti vrha i vidika s njega, Iva\u010dka je glava najljep\u0161i vrh na Papuku i jedan od najljep\u0161ih u slavonskom gorju.<\/span><br \/><span>Odabrali smo stazu koja vodi preko planinarskog skloni\u0161ta Mali\u0161\u010dak, odmori\u0161ta Orahove vode odakle kre\u0107e zadnjih 30 minuta uspona na sami vrh.<\/span><br \/><span>Put nas je vodio laganim usponom kroz hladovinu \u0161ume do skloni\u0161ta Mali\u0161\u010dak. Tamo samo napravili pauzu i nakon toga krenuli put Orahovih voda. Dolaskom na odmori\u0161te Orahove vode, jedan dio ekipe je ostao tu odmarati, a 4 \u010dlana su nastavila put prema vrhu.<\/span><br \/><span>Za pola sata popeli smo se na vrh, odakle se pru\u017ea predivan pogled. Nakon slikanja i malog odmora na vrhu, krenuli smo nazad i priklju\u010dili se ekipi koja nas je \u010dekala i nastavili lagano spu\u0161tanje prema automobilima.<\/span><br \/><span>Vrijeme je bilo sun\u010dano i toplo, idealno za nastavak planinarskih aktivnosti nakon du\u017ee stanke.<\/span><\/p>\n<p>[\/et_pb_text][et_pb_gallery _builder_version=&#8221;4.19.5&#8243; _module_preset=&#8221;default&#8221; theme_builder_area=&#8221;post_content&#8221; gallery_ids=&#8221;5216,5217,5218,5219,5220,5221,5222,5223,5224,5225,5226,5227,5228,5229,5230,5231,5232,5233,5234,5235&#8243; posts_number=&#8221;20&#8243; show_title_and_caption=&#8221;off&#8221; hover_enabled=&#8221;0&#8243; sticky_enabled=&#8221;0&#8243;][\/et_pb_gallery][\/et_pb_column][\/et_pb_row][\/et_pb_section]<\/p>\n","protected":false},"excerpt":{"rendered":"<p>U nedjelju 14. lipnja, Planinarsko dru\u0161tvo Beli\u0161\u0107e organiziralo je odlazak na planinarski izlet u Veliku. Okupilo se 11 \u010dlanova na\u0161eg dru\u0161tva i krenulo na put.Cilj nam je bio vrh Iva\u010dka glava.Iva\u010dka glava je kamenit vrh na glavnom hrptu Papuka. Ime je navodno dobila po veli\u010dkom plemi\u0107u Ivanku, a u davnini je bila poznata i pod [&hellip;]<\/p>\n","protected":false},"author":1,"featured_media":0,"comment_status":"closed","ping_status":"open","sticky":false,"template":"","format":"standard","meta":{"_et_pb_use_builder":"on","_et_pb_old_content":"","_et_gb_content_width":"1080","footnotes":""},"categories":[34],"tags":[],"class_list":["post-5214","post","type-post","status-publish","format-standard","hentry","category-34"],"_links":{"self":[{"href":"https:\/\/www.slavonski-planinari.hr\/arhiva\/wp-json\/wp\/v2\/posts\/5214","targetHints":{"allow":["GET"]}}],"collection":[{"href":"https:\/\/www.slavonski-planinari.hr\/arhiva\/wp-json\/wp\/v2\/posts"}],"about":[{"href":"https:\/\/www.slavonski-planinari.hr\/arhiva\/wp-json\/wp\/v2\/types\/post"}],"author":[{"embeddable":true,"href":"https:\/\/www.slavonski-planinari.hr\/arhiva\/wp-json\/wp\/v2\/users\/1"}],"replies":[{"embeddable":true,"href":"https:\/\/www.slavonski-planinari.hr\/arhiva\/wp-json\/wp\/v2\/comments?post=5214"}],"version-history":[{"count":0,"href":"https:\/\/www.slavonski-planinari.hr\/arhiva\/wp-json\/wp\/v2\/posts\/5214\/revisions"}],"wp:attachment":[{"href":"https:\/\/www.slavonski-planinari.hr\/arhiva\/wp-json\/wp\/v2\/media?parent=5214"}],"wp:term":[{"taxonomy":"category","embeddable":true,"href":"https:\/\/www.slavonski-planinari.hr\/arhiva\/wp-json\/wp\/v2\/categories?post=5214"},{"taxonomy":"post_tag","embeddable":true,"href":"https:\/\/www.slavonski-planinari.hr\/arhiva\/wp-json\/wp\/v2\/tags?post=5214"}],"curies":[{"name":"wp","href":"https:\/\/api.w.org\/{rel}","templated":true}]}}