{"id":5185,"date":"2020-05-28T09:08:00","date_gmt":"2020-05-28T08:08:00","guid":{"rendered":"https:\/\/www.slavonski-planinari.hr\/arhiva\/?p=5185"},"modified":"2023-02-01T09:10:10","modified_gmt":"2023-02-01T08:10:10","slug":"sjednica-uo-sp-26-05-2020","status":"publish","type":"post","link":"https:\/\/www.slavonski-planinari.hr\/arhiva\/sjednica-uo-sp-26-05-2020\/","title":{"rendered":"Sjednica UO SP &#8211; 26.05.2020."},"content":{"rendered":"<p>[et_pb_section fb_built=&#8221;1&#8243; theme_builder_area=&#8221;post_content&#8221; _builder_version=&#8221;4.19.5&#8243; _module_preset=&#8221;default&#8221;][et_pb_row _builder_version=&#8221;4.19.5&#8243; _module_preset=&#8221;default&#8221; theme_builder_area=&#8221;post_content&#8221;][et_pb_column _builder_version=&#8221;4.19.5&#8243; _module_preset=&#8221;default&#8221; type=&#8221;4_4&#8243; theme_builder_area=&#8221;post_content&#8221;][et_pb_text _builder_version=&#8221;4.19.5&#8243; _module_preset=&#8221;default&#8221; theme_builder_area=&#8221;post_content&#8221; hover_enabled=&#8221;0&#8243; sticky_enabled=&#8221;0&#8243;]<\/p>\n<p style=\"text-align: justify;\"><span>Nakon proljetne Covid-19 stanke u utorak, 26. 5. 2020. godine, s po\u010detkom u 19.30, u prostorijama Planinarskog doma \u201e\u0110uro Pilar\u201c Upravni odbor udruge Slavonski planinari odr\u017eao je sjednicu.<\/span><br \/><span>Sjednica je zapo\u010dela osvrtom na aktivnosti Udruge od prethodne sjednice UO-a, a kojih nije ni bilo jer su sve planirane aktivnosti od polovice mjeseca o\u017eujka do polovice svibnja otkazane ili odgo\u0111ene zbog dobro poznate pandemije koronavirusa pa je tako izostao i ispit za vodi\u010de A standarda planiran za svibanj kao i odgoda po\u010detka markacisti\u010dkog te\u010daja na podru\u010dju Slavonije. Svi upiti o po\u010detku aktivnosti i nastavku \u0161kolovanja bit \u0107e dostavljeni na\u0161oj krovnoj organizaciji HPS-u putem Stanice planinarskih vodi\u010da Slavonije. Planinarstvo u vrijeme pandemije nije stalo, a planinari pojedinci obilazili su slavonske planine po\u0161tuju\u0107i sve odluke i preporuke koje su bile na snazi. Raspravljalo se o posljednjim izmjenama va\u017ee\u0107eg Statuta SP-a te su donesene odluke da se prije Skup\u0161tine pripremi novi Statut s prilago\u0111enim mu poslovnicima i ostalim aktima.<\/span><br \/><span>Zaklju\u010dak odbornika je da se Skup\u0161tina odr\u017ei 4. 7. 2020. godine u mjestu Velika, PK Lapjak, dok \u0107e pozivi \u010dlanicama biti dostavljeni na vrijeme. Zapo\u010dele su i prve pripreme oko organizacije 70. Dana slavonskih planinara \u010diji je doma\u0107in ove godine PD Krndija iz Na\u0161ica. Bila je ovo ujedno i prva sjednica novog tajnika udruge SP-a, Vlade La\u0111arevi\u0107a (predsjednik PD-a &#8220;Dilj Gora&#8221; iz Slavonskog Broda). Nakon aktivne vi\u0161esatne sjednice uslijedila je zakuska u organizaciji doma\u0107ina PD-a \u201eDilj gora\u201c.<\/span><br \/><span>Tekst i foto MR<\/span><\/p>\n<p>[\/et_pb_text][et_pb_gallery _builder_version=&#8221;4.19.5&#8243; _module_preset=&#8221;default&#8221; theme_builder_area=&#8221;post_content&#8221; gallery_ids=&#8221;5189,5188,5187&#8243; posts_number=&#8221;3&#8243; show_title_and_caption=&#8221;off&#8221; hover_enabled=&#8221;0&#8243; sticky_enabled=&#8221;0&#8243;][\/et_pb_gallery][\/et_pb_column][\/et_pb_row][\/et_pb_section]<\/p>\n","protected":false},"excerpt":{"rendered":"<p>Nakon proljetne Covid-19 stanke u utorak, 26. 5. 2020. godine, s po\u010detkom u 19.30, u prostorijama Planinarskog doma \u201e\u0110uro Pilar\u201c Upravni odbor udruge Slavonski planinari odr\u017eao je sjednicu.Sjednica je zapo\u010dela osvrtom na aktivnosti Udruge od prethodne sjednice UO-a, a kojih nije ni bilo jer su sve planirane aktivnosti od polovice mjeseca o\u017eujka do polovice svibnja [&hellip;]<\/p>\n","protected":false},"author":1,"featured_media":0,"comment_status":"closed","ping_status":"open","sticky":false,"template":"","format":"standard","meta":{"_et_pb_use_builder":"on","_et_pb_old_content":"","_et_gb_content_width":"1080","footnotes":""},"categories":[34],"tags":[],"class_list":["post-5185","post","type-post","status-publish","format-standard","hentry","category-34"],"_links":{"self":[{"href":"https:\/\/www.slavonski-planinari.hr\/arhiva\/wp-json\/wp\/v2\/posts\/5185","targetHints":{"allow":["GET"]}}],"collection":[{"href":"https:\/\/www.slavonski-planinari.hr\/arhiva\/wp-json\/wp\/v2\/posts"}],"about":[{"href":"https:\/\/www.slavonski-planinari.hr\/arhiva\/wp-json\/wp\/v2\/types\/post"}],"author":[{"embeddable":true,"href":"https:\/\/www.slavonski-planinari.hr\/arhiva\/wp-json\/wp\/v2\/users\/1"}],"replies":[{"embeddable":true,"href":"https:\/\/www.slavonski-planinari.hr\/arhiva\/wp-json\/wp\/v2\/comments?post=5185"}],"version-history":[{"count":0,"href":"https:\/\/www.slavonski-planinari.hr\/arhiva\/wp-json\/wp\/v2\/posts\/5185\/revisions"}],"wp:attachment":[{"href":"https:\/\/www.slavonski-planinari.hr\/arhiva\/wp-json\/wp\/v2\/media?parent=5185"}],"wp:term":[{"taxonomy":"category","embeddable":true,"href":"https:\/\/www.slavonski-planinari.hr\/arhiva\/wp-json\/wp\/v2\/categories?post=5185"},{"taxonomy":"post_tag","embeddable":true,"href":"https:\/\/www.slavonski-planinari.hr\/arhiva\/wp-json\/wp\/v2\/tags?post=5185"}],"curies":[{"name":"wp","href":"https:\/\/api.w.org\/{rel}","templated":true}]}}