{"id":5172,"date":"2020-03-16T09:01:00","date_gmt":"2020-03-16T08:01:00","guid":{"rendered":"https:\/\/www.slavonski-planinari.hr\/arhiva\/?p=5172"},"modified":"2023-02-01T09:04:45","modified_gmt":"2023-02-01T08:04:45","slug":"odrzana-sjednica-upravnog-odbora-sp","status":"publish","type":"post","link":"https:\/\/www.slavonski-planinari.hr\/arhiva\/odrzana-sjednica-upravnog-odbora-sp\/","title":{"rendered":"Odr\u017eana sjednica Upravnog odbora SP"},"content":{"rendered":"<p>[et_pb_section fb_built=&#8221;1&#8243; theme_builder_area=&#8221;post_content&#8221; _builder_version=&#8221;4.19.5&#8243; _module_preset=&#8221;default&#8221;][et_pb_row _builder_version=&#8221;4.19.5&#8243; _module_preset=&#8221;default&#8221; theme_builder_area=&#8221;post_content&#8221;][et_pb_column _builder_version=&#8221;4.19.5&#8243; _module_preset=&#8221;default&#8221; type=&#8221;4_4&#8243; theme_builder_area=&#8221;post_content&#8221;][et_pb_text _builder_version=&#8221;4.19.5&#8243; _module_preset=&#8221;default&#8221; theme_builder_area=&#8221;post_content&#8221; hover_enabled=&#8221;0&#8243; sticky_enabled=&#8221;0&#8243;]<\/p>\n<p style=\"text-align: justify;\">Upravni odbor udruge Slavonski planinari odr\u017eao je 14.3. 2020. godine, u subotu, sa po\u010detkom u 10 sati u gradu \u0110akovu, u prostorijama PD \u0110akovo, jo\u0161 jednu ovogodi\u0161nju sjednicu.<\/p>\n<p style=\"text-align: justify;\">Sjednica je zapo\u010dela sa raspravom o pripremama za godi\u0161nju Skup\u0161tinu koja je predvi\u0111ena za 15.5.2020., pri \u010demu su se dogovarali materijali i podijelile zada\u0107e me\u0111u odbornicima. Uslijedilo je podno\u0161enje izvje\u0161taja o radu tvrtke SLAVONSKI PLANINARI j.d.o.o. za usluge te odluka o produljenju najma poslovnog objekta u Osijeku.<\/p>\n<p style=\"text-align: justify;\">Jedna od to\u010daka dnevnog reda je bila i neopoziva ostavka tajnika Udruge, Otmara Tosenbergera, a za novog tajnika, na prijedlog predsjednika SP, jednoglasno je imenovan Vlado La\u0111arevi\u0107, predsjednik PD &#8220;Dilj Gora&#8221; iz Slavonskog Broda.<\/p>\n<p style=\"text-align: justify;\">Pored teku\u0107e problematike, raspravljalo se i o pitanjima va\u017enim za budu\u0107nost planinarstva u Slavoniji, zajedni\u010dkim ciljevima svih \u010dlanica s posebnim osvrtom na novonastalu situaciju, epidemiju koronavirusa.<\/p>\n<p style=\"text-align: justify;\">Jedna od zanimljivih tema je bila i po\u010detak markacisti\u010dkog te\u010daja na podru\u010dju Slavonije koji bi po prvim saznanjima trebao po\u010deti u svibnju.<\/p>\n<p>[\/et_pb_text][et_pb_gallery _builder_version=&#8221;4.19.5&#8243; _module_preset=&#8221;default&#8221; theme_builder_area=&#8221;post_content&#8221; gallery_ids=&#8221;5174,5175,5176,5177,5178&#8243; posts_number=&#8221;5&#8243; show_title_and_caption=&#8221;off&#8221; hover_enabled=&#8221;0&#8243; sticky_enabled=&#8221;0&#8243;][\/et_pb_gallery][\/et_pb_column][\/et_pb_row][\/et_pb_section]<\/p>\n","protected":false},"excerpt":{"rendered":"<p>Upravni odbor udruge Slavonski planinari odr\u017eao je 14.3. 2020. godine, u subotu, sa po\u010detkom u 10 sati u gradu \u0110akovu, u prostorijama PD \u0110akovo, jo\u0161 jednu ovogodi\u0161nju sjednicu. Sjednica je zapo\u010dela sa raspravom o pripremama za godi\u0161nju Skup\u0161tinu koja je predvi\u0111ena za 15.5.2020., pri \u010demu su se dogovarali materijali i podijelile zada\u0107e me\u0111u odbornicima. Uslijedilo [&hellip;]<\/p>\n","protected":false},"author":1,"featured_media":0,"comment_status":"closed","ping_status":"open","sticky":false,"template":"","format":"standard","meta":{"_et_pb_use_builder":"on","_et_pb_old_content":"","_et_gb_content_width":"1080","footnotes":""},"categories":[34],"tags":[],"class_list":["post-5172","post","type-post","status-publish","format-standard","hentry","category-34"],"_links":{"self":[{"href":"https:\/\/www.slavonski-planinari.hr\/arhiva\/wp-json\/wp\/v2\/posts\/5172","targetHints":{"allow":["GET"]}}],"collection":[{"href":"https:\/\/www.slavonski-planinari.hr\/arhiva\/wp-json\/wp\/v2\/posts"}],"about":[{"href":"https:\/\/www.slavonski-planinari.hr\/arhiva\/wp-json\/wp\/v2\/types\/post"}],"author":[{"embeddable":true,"href":"https:\/\/www.slavonski-planinari.hr\/arhiva\/wp-json\/wp\/v2\/users\/1"}],"replies":[{"embeddable":true,"href":"https:\/\/www.slavonski-planinari.hr\/arhiva\/wp-json\/wp\/v2\/comments?post=5172"}],"version-history":[{"count":0,"href":"https:\/\/www.slavonski-planinari.hr\/arhiva\/wp-json\/wp\/v2\/posts\/5172\/revisions"}],"wp:attachment":[{"href":"https:\/\/www.slavonski-planinari.hr\/arhiva\/wp-json\/wp\/v2\/media?parent=5172"}],"wp:term":[{"taxonomy":"category","embeddable":true,"href":"https:\/\/www.slavonski-planinari.hr\/arhiva\/wp-json\/wp\/v2\/categories?post=5172"},{"taxonomy":"post_tag","embeddable":true,"href":"https:\/\/www.slavonski-planinari.hr\/arhiva\/wp-json\/wp\/v2\/tags?post=5172"}],"curies":[{"name":"wp","href":"https:\/\/api.w.org\/{rel}","templated":true}]}}