{"id":5157,"date":"2020-03-04T08:46:00","date_gmt":"2020-03-04T07:46:00","guid":{"rendered":"https:\/\/www.slavonski-planinari.hr\/arhiva\/?p=5157"},"modified":"2023-02-01T08:50:52","modified_gmt":"2023-02-01T07:50:52","slug":"hpd-gojzerica-pozega-poziva-na-3-obiteljski-izlet","status":"publish","type":"post","link":"https:\/\/www.slavonski-planinari.hr\/arhiva\/hpd-gojzerica-pozega-poziva-na-3-obiteljski-izlet\/","title":{"rendered":"HPD Gojzerica Po\u017eega poziva na 3. Obiteljski izlet"},"content":{"rendered":"<p>[et_pb_section fb_built=&#8221;1&#8243; theme_builder_area=&#8221;post_content&#8221; _builder_version=&#8221;4.19.5&#8243; _module_preset=&#8221;default&#8221; custom_padding=&#8221;||311px|||&#8221;][et_pb_row _builder_version=&#8221;4.19.5&#8243; _module_preset=&#8221;default&#8221; theme_builder_area=&#8221;post_content&#8221;][et_pb_column _builder_version=&#8221;4.19.5&#8243; _module_preset=&#8221;default&#8221; type=&#8221;4_4&#8243; theme_builder_area=&#8221;post_content&#8221;][et_pb_text _builder_version=&#8221;4.19.5&#8243; _module_preset=&#8221;default&#8221; theme_builder_area=&#8221;post_content&#8221; hover_enabled=&#8221;0&#8243; sticky_enabled=&#8221;0&#8243;]<\/p>\n<p><img loading=\"lazy\" decoding=\"async\" src=\"https:\/\/www.slavonski-planinari.hr\/arhiva\/wp-content\/uploads\/2023\/02\/obiteljski-izlet-2020.jpg\" width=\"158\" height=\"67\" alt=\"\" class=\"wp-image-5159 alignleft size-full\" srcset=\"https:\/\/www.slavonski-planinari.hr\/arhiva\/wp-content\/uploads\/2023\/02\/obiteljski-izlet-2020.jpg 307w, https:\/\/www.slavonski-planinari.hr\/arhiva\/wp-content\/uploads\/2023\/02\/obiteljski-izlet-2020-300x127.jpg 300w\" sizes=\"(max-width: 158px) 100vw, 158px\" \/>Pozivamo vas na na\u0161 tradicionalni 3. Obiteljski izlet i molimo da nam javite broj planinara koji dolaze najkasnije do srijede 4. o\u017eujka. Broj planinara potreban nam je kako bi se lak\u0161e pripremili za va\u0161 dolazak. Hrana i pi\u0107e osigurani su po prihvatljivim cijenama i poslu\u017eivati \u0107e se u \u0161atoru poduzetnika koji brine o svemu.<br \/>Radujemo se va\u0161em dolasku!<\/p>\n<p>HPD Gojzerica Po\u017eega<br \/>Republike Hrvatske 1C<br \/>34000 &#8211; Po\u017eega<\/p>\n<p>[\/et_pb_text][\/et_pb_column][\/et_pb_row][\/et_pb_section]<\/p>\n","protected":false},"excerpt":{"rendered":"<p>Pozivamo vas na na\u0161 tradicionalni 3. Obiteljski izlet i molimo da nam javite broj planinara koji dolaze najkasnije do srijede 4. o\u017eujka. Broj planinara potreban nam je kako bi se lak\u0161e pripremili za va\u0161 dolazak. Hrana i pi\u0107e osigurani su po prihvatljivim cijenama i poslu\u017eivati \u0107e se u \u0161atoru poduzetnika koji brine o svemu.Radujemo se [&hellip;]<\/p>\n","protected":false},"author":1,"featured_media":0,"comment_status":"closed","ping_status":"open","sticky":false,"template":"","format":"standard","meta":{"_et_pb_use_builder":"on","_et_pb_old_content":"","_et_gb_content_width":"1080","footnotes":""},"categories":[34],"tags":[],"class_list":["post-5157","post","type-post","status-publish","format-standard","hentry","category-34"],"_links":{"self":[{"href":"https:\/\/www.slavonski-planinari.hr\/arhiva\/wp-json\/wp\/v2\/posts\/5157","targetHints":{"allow":["GET"]}}],"collection":[{"href":"https:\/\/www.slavonski-planinari.hr\/arhiva\/wp-json\/wp\/v2\/posts"}],"about":[{"href":"https:\/\/www.slavonski-planinari.hr\/arhiva\/wp-json\/wp\/v2\/types\/post"}],"author":[{"embeddable":true,"href":"https:\/\/www.slavonski-planinari.hr\/arhiva\/wp-json\/wp\/v2\/users\/1"}],"replies":[{"embeddable":true,"href":"https:\/\/www.slavonski-planinari.hr\/arhiva\/wp-json\/wp\/v2\/comments?post=5157"}],"version-history":[{"count":0,"href":"https:\/\/www.slavonski-planinari.hr\/arhiva\/wp-json\/wp\/v2\/posts\/5157\/revisions"}],"wp:attachment":[{"href":"https:\/\/www.slavonski-planinari.hr\/arhiva\/wp-json\/wp\/v2\/media?parent=5157"}],"wp:term":[{"taxonomy":"category","embeddable":true,"href":"https:\/\/www.slavonski-planinari.hr\/arhiva\/wp-json\/wp\/v2\/categories?post=5157"},{"taxonomy":"post_tag","embeddable":true,"href":"https:\/\/www.slavonski-planinari.hr\/arhiva\/wp-json\/wp\/v2\/tags?post=5157"}],"curies":[{"name":"wp","href":"https:\/\/api.w.org\/{rel}","templated":true}]}}