{"id":5153,"date":"2020-02-24T08:43:00","date_gmt":"2020-02-24T07:43:00","guid":{"rendered":"https:\/\/www.slavonski-planinari.hr\/arhiva\/?p=5153"},"modified":"2023-02-01T08:46:37","modified_gmt":"2023-02-01T07:46:37","slug":"poziv-na-srimusijadu","status":"publish","type":"post","link":"https:\/\/www.slavonski-planinari.hr\/arhiva\/poziv-na-srimusijadu\/","title":{"rendered":"Poziv na Srimu\u0161ijadu"},"content":{"rendered":"<p>[et_pb_section fb_built=&#8221;1&#8243; theme_builder_area=&#8221;post_content&#8221; _builder_version=&#8221;4.19.5&#8243; _module_preset=&#8221;default&#8221;][et_pb_row _builder_version=&#8221;4.19.5&#8243; _module_preset=&#8221;default&#8221; theme_builder_area=&#8221;post_content&#8221;][et_pb_column _builder_version=&#8221;4.19.5&#8243; _module_preset=&#8221;default&#8221; type=&#8221;4_4&#8243; theme_builder_area=&#8221;post_content&#8221;][et_pb_text _builder_version=&#8221;4.19.5&#8243; _module_preset=&#8221;default&#8221; theme_builder_area=&#8221;post_content&#8221; hover_enabled=&#8221;0&#8243; sticky_enabled=&#8221;0&#8243;]<\/p>\n<p><img loading=\"lazy\" decoding=\"async\" src=\"https:\/\/www.slavonski-planinari.hr\/arhiva\/wp-content\/uploads\/2023\/02\/srimusijada-2020.jpg\" width=\"154\" height=\"65\" alt=\"\" class=\"wp-image-5155 alignleft size-full\" srcset=\"https:\/\/www.slavonski-planinari.hr\/arhiva\/wp-content\/uploads\/2023\/02\/srimusijada-2020.jpg 307w, https:\/\/www.slavonski-planinari.hr\/arhiva\/wp-content\/uploads\/2023\/02\/srimusijada-2020-300x127.jpg 300w\" sizes=\"(max-width: 154px) 100vw, 154px\" \/>Po\u0161tovani prijatelji,<\/p>\n<p>Pozivamo vas na planinarsko dru\u017eenje \u2013 \u201eSRIMU\u0160IJADA\u201c<\/p>\n<p>Srimu\u0161ijada \u0107e biti odr\u017eana u nedjelju 01. o\u017eujka 2020. godine na podru\u010dju Parka prirode Papuk. Polazak na izlet je u 09.00 h ispred crkve u Velikoj. Kod lova\u010dke ku\u0107e u Dubokoj za sve sudionike pripremamo omlet sa srimu\u0161em.<\/p>\n<p>Program:<\/p>\n<p>08.30 \u2013 09.00 h Okupljanje sudionika kod crkve sv. Augustina u Velikoj<\/p>\n<p>09.00 h Polazak na staze uz doma\u0107e vodi\u010de:<\/p>\n<p>&#8211; kra\u0107a (2,5 h): planinarski dom Lapjak-Kani\u0161ka glava-Lipova glava-Tisovac-Duboka<\/p>\n<p>&#8211; du\u017ea (4 h): planinarski dom Lapjak-Kani\u0161ka glava-Lipova glava-\u010ce\u0161ljakova\u010dki vis- pl.ku\u0107a Tri\u0161njica-Duboka<\/p>\n<p>Staze su tehni\u010dki nezahtjevne, kondicijski umjereno zahtjevne.<\/p>\n<p>Kod lova\u010dke ku\u0107e u Dubokoj organizirano je dru\u017eenje uz omlet (kajganu) sa srimu\u0161em. Porcija obroka po simboli\u010dnoj cijeni od 5 kn.<\/p>\n<p>15.00 h Planirani polazak u Veliku.<\/p>\n<p>Molimo vas da nam najavite svoj dolazak i o\u010dekivani broj sudionika na kontakt brojeve ili putem e-maila.<\/p>\n<p>Radujemo se Va\u0161em dolasku!<\/p>\n<p>Kontakt osobe:<br \/>Tomislav \u0160ebalj \u2013 099\/1941686<br \/>Leonardo Perinovi\u0107 \u2013 091\/3959504<\/p>\n<p>U Velikoj, 13.02.2020. UO PD \u201eMali\u0161\u0107ak\u201c<\/p>\n<p>[\/et_pb_text][\/et_pb_column][\/et_pb_row][\/et_pb_section]<\/p>\n","protected":false},"excerpt":{"rendered":"<p>Po\u0161tovani prijatelji, Pozivamo vas na planinarsko dru\u017eenje \u2013 \u201eSRIMU\u0160IJADA\u201c Srimu\u0161ijada \u0107e biti odr\u017eana u nedjelju 01. o\u017eujka 2020. godine na podru\u010dju Parka prirode Papuk. Polazak na izlet je u 09.00 h ispred crkve u Velikoj. Kod lova\u010dke ku\u0107e u Dubokoj za sve sudionike pripremamo omlet sa srimu\u0161em. Program: 08.30 \u2013 09.00 h Okupljanje sudionika kod [&hellip;]<\/p>\n","protected":false},"author":1,"featured_media":0,"comment_status":"closed","ping_status":"open","sticky":false,"template":"","format":"standard","meta":{"_et_pb_use_builder":"on","_et_pb_old_content":"","_et_gb_content_width":"1080","footnotes":""},"categories":[34],"tags":[],"class_list":["post-5153","post","type-post","status-publish","format-standard","hentry","category-34"],"_links":{"self":[{"href":"https:\/\/www.slavonski-planinari.hr\/arhiva\/wp-json\/wp\/v2\/posts\/5153","targetHints":{"allow":["GET"]}}],"collection":[{"href":"https:\/\/www.slavonski-planinari.hr\/arhiva\/wp-json\/wp\/v2\/posts"}],"about":[{"href":"https:\/\/www.slavonski-planinari.hr\/arhiva\/wp-json\/wp\/v2\/types\/post"}],"author":[{"embeddable":true,"href":"https:\/\/www.slavonski-planinari.hr\/arhiva\/wp-json\/wp\/v2\/users\/1"}],"replies":[{"embeddable":true,"href":"https:\/\/www.slavonski-planinari.hr\/arhiva\/wp-json\/wp\/v2\/comments?post=5153"}],"version-history":[{"count":0,"href":"https:\/\/www.slavonski-planinari.hr\/arhiva\/wp-json\/wp\/v2\/posts\/5153\/revisions"}],"wp:attachment":[{"href":"https:\/\/www.slavonski-planinari.hr\/arhiva\/wp-json\/wp\/v2\/media?parent=5153"}],"wp:term":[{"taxonomy":"category","embeddable":true,"href":"https:\/\/www.slavonski-planinari.hr\/arhiva\/wp-json\/wp\/v2\/categories?post=5153"},{"taxonomy":"post_tag","embeddable":true,"href":"https:\/\/www.slavonski-planinari.hr\/arhiva\/wp-json\/wp\/v2\/tags?post=5153"}],"curies":[{"name":"wp","href":"https:\/\/api.w.org\/{rel}","templated":true}]}}