{"id":5138,"date":"2020-02-11T08:41:00","date_gmt":"2020-02-11T07:41:00","guid":{"rendered":"https:\/\/www.slavonski-planinari.hr\/arhiva\/?p=5138"},"modified":"2023-02-01T08:43:28","modified_gmt":"2023-02-01T07:43:28","slug":"kretanje-u-zimskim-uvjetima-vjezba-spvs","status":"publish","type":"post","link":"https:\/\/www.slavonski-planinari.hr\/arhiva\/kretanje-u-zimskim-uvjetima-vjezba-spvs\/","title":{"rendered":"Kretanje u zimskim uvjetima &#8211; vje\u017eba SPVS"},"content":{"rendered":"<p>[et_pb_section fb_built=&#8221;1&#8243; theme_builder_area=&#8221;post_content&#8221; _builder_version=&#8221;4.19.5&#8243; _module_preset=&#8221;default&#8221;][et_pb_row _builder_version=&#8221;4.19.5&#8243; _module_preset=&#8221;default&#8221; theme_builder_area=&#8221;post_content&#8221;][et_pb_column _builder_version=&#8221;4.19.5&#8243; _module_preset=&#8221;default&#8221; type=&#8221;4_4&#8243; theme_builder_area=&#8221;post_content&#8221;][et_pb_text _builder_version=&#8221;4.19.5&#8243; _module_preset=&#8221;default&#8221; theme_builder_area=&#8221;post_content&#8221; hover_enabled=&#8221;0&#8243; sticky_enabled=&#8221;0&#8243;]<\/p>\n<p style=\"text-align: justify;\">Tijekom vikenda, krajem sije\u010dnja i po\u010detkom velja\u010de, Stanica planinarskih vodi\u010da Slavonija u suradnji sa Stanicom planinarskih vodi\u010da Vara\u017edin odr\u017eala je zajedni\u010dku vje\u017ebu u Kamni\u0161koj Bistrici (600 m) te na planinarskoj stazi prema Kokrskom sedlu u Kamni\u0161ko Savinjskim Alpama, na temu kretanja u zimskim uvjetima. Vje\u017eba se sastojala od niza predavanja i vje\u017ebi o opremi, kretanju i zaustavljanju, \u010dvorovima i kori\u0161tenju istih, opasnostima, lavinama i spa\u0161avanju (lavinski primopredajnik, lopata i lavinska sonda).<br \/>Prakti\u010dno se u grupama ponovilo kretanje u snijegu, izrada puta, kretanje \u0161tapovima, cepinom, derezama, vje\u017ebala se izrada sidri\u0161ta u snijegu (cepin, ruksak, snje\u017eni klinovi, gljiva, drugo), navezivanju za prijelaz ledenjaka i lavinoznih terena. Na kraju se uvje\u017ebao i prakti\u010dan rad sa lavinskom opremom ako bi bili sudionici eventualne lavine u planini, od toga kako postupiti ako nas &#8220;pokupi&#8221; lavina, do toga kako raditi potragu sa lavinskom primopredajnikom i postupak po pronalasku osobe zatrpane lavinom, ali i potragu za osobom tehnikom sondiranja.<\/p>\n<p style=\"text-align: justify;\">Tekst: Dra\u017een Mlinari\u0107 &#8211; Fotografije: Antun Ciglene\u010dki<\/p>\n<p>[\/et_pb_text][et_pb_gallery _builder_version=&#8221;4.19.5&#8243; _module_preset=&#8221;default&#8221; theme_builder_area=&#8221;post_content&#8221; gallery_ids=&#8221;5140,5141,5142,5143,5144,5145,5146,5147,5148,5149,5150,5151&#8243; posts_number=&#8221;12&#8243; show_title_and_caption=&#8221;off&#8221; hover_enabled=&#8221;0&#8243; sticky_enabled=&#8221;0&#8243;][\/et_pb_gallery][\/et_pb_column][\/et_pb_row][\/et_pb_section]<\/p>\n","protected":false},"excerpt":{"rendered":"<p>Tijekom vikenda, krajem sije\u010dnja i po\u010detkom velja\u010de, Stanica planinarskih vodi\u010da Slavonija u suradnji sa Stanicom planinarskih vodi\u010da Vara\u017edin odr\u017eala je zajedni\u010dku vje\u017ebu u Kamni\u0161koj Bistrici (600 m) te na planinarskoj stazi prema Kokrskom sedlu u Kamni\u0161ko Savinjskim Alpama, na temu kretanja u zimskim uvjetima. Vje\u017eba se sastojala od niza predavanja i vje\u017ebi o opremi, kretanju [&hellip;]<\/p>\n","protected":false},"author":1,"featured_media":0,"comment_status":"closed","ping_status":"open","sticky":false,"template":"","format":"standard","meta":{"_et_pb_use_builder":"on","_et_pb_old_content":"","_et_gb_content_width":"1080","footnotes":""},"categories":[34],"tags":[],"class_list":["post-5138","post","type-post","status-publish","format-standard","hentry","category-34"],"_links":{"self":[{"href":"https:\/\/www.slavonski-planinari.hr\/arhiva\/wp-json\/wp\/v2\/posts\/5138","targetHints":{"allow":["GET"]}}],"collection":[{"href":"https:\/\/www.slavonski-planinari.hr\/arhiva\/wp-json\/wp\/v2\/posts"}],"about":[{"href":"https:\/\/www.slavonski-planinari.hr\/arhiva\/wp-json\/wp\/v2\/types\/post"}],"author":[{"embeddable":true,"href":"https:\/\/www.slavonski-planinari.hr\/arhiva\/wp-json\/wp\/v2\/users\/1"}],"replies":[{"embeddable":true,"href":"https:\/\/www.slavonski-planinari.hr\/arhiva\/wp-json\/wp\/v2\/comments?post=5138"}],"version-history":[{"count":0,"href":"https:\/\/www.slavonski-planinari.hr\/arhiva\/wp-json\/wp\/v2\/posts\/5138\/revisions"}],"wp:attachment":[{"href":"https:\/\/www.slavonski-planinari.hr\/arhiva\/wp-json\/wp\/v2\/media?parent=5138"}],"wp:term":[{"taxonomy":"category","embeddable":true,"href":"https:\/\/www.slavonski-planinari.hr\/arhiva\/wp-json\/wp\/v2\/categories?post=5138"},{"taxonomy":"post_tag","embeddable":true,"href":"https:\/\/www.slavonski-planinari.hr\/arhiva\/wp-json\/wp\/v2\/tags?post=5138"}],"curies":[{"name":"wp","href":"https:\/\/api.w.org\/{rel}","templated":true}]}}