{"id":5065,"date":"2020-01-27T08:22:00","date_gmt":"2020-01-27T07:22:00","guid":{"rendered":"https:\/\/www.slavonski-planinari.hr\/arhiva\/?p=5065"},"modified":"2023-02-01T08:26:03","modified_gmt":"2023-02-01T07:26:03","slug":"planinarski-sijecanj-hpd-belisce","status":"publish","type":"post","link":"https:\/\/www.slavonski-planinari.hr\/arhiva\/planinarski-sijecanj-hpd-belisce\/","title":{"rendered":"Planinarski Sije\u010danj &#8211; HPD Beli\u0161\u0107e"},"content":{"rendered":"<p>[et_pb_section fb_built=&#8221;1&#8243; theme_builder_area=&#8221;post_content&#8221; _builder_version=&#8221;4.19.5&#8243; _module_preset=&#8221;default&#8221;][et_pb_row _builder_version=&#8221;4.19.5&#8243; _module_preset=&#8221;default&#8221; theme_builder_area=&#8221;post_content&#8221;][et_pb_column _builder_version=&#8221;4.19.5&#8243; _module_preset=&#8221;default&#8221; type=&#8221;4_4&#8243; theme_builder_area=&#8221;post_content&#8221;][et_pb_text _builder_version=&#8221;4.19.5&#8243; _module_preset=&#8221;default&#8221; theme_builder_area=&#8221;post_content&#8221; hover_enabled=&#8221;0&#8243; sticky_enabled=&#8221;0&#8243;]<\/p>\n<p style=\"text-align: justify;\">Prvo ovogodi\u0161nje dru\u017eenje planinara Beli\u0161\u0107a bilo je 12.01. na na\u0161oj stazi. Okupljanje je bilo kod Sv. Ane i nas osamnaest \u010dlanova krenulo je u laganu \u0161etnju do na\u0161eg odmori\u0161ta. Tamo smo zatekli ve\u0107u grupu izletnika koji su kao i mi iskoristili lijep dan i u\u017eivali u prirodi.<\/p>\n<p style=\"text-align: justify;\">Manja grupa je odmah produ\u017eila do vodocrpili\u0161ta u Gatu, a ve\u0107i dio ostao na odmori\u0161tu. Lo\u017eenje vatre i priprema ru\u010dka u prirodi je prava u\u017eivancija. Grupa izletnika je zaista bila originalna i u kotli\u0107i su kuhali sarmu. Dru\u017eenje uz kuhanje, pe\u010denje i pri\u010du je lijepo proteklo. Spremamo svoje stvari ostavljamo uredno na\u0161e odmori\u0161te, a svoje sme\u0107e nosimo sa sobom. Pozdravljamo se sa izletnicima i kre\u0107emo natrag prema Sv. Ani.<\/p>\n<p style=\"text-align: justify;\">Vincekov pohod u Me\u0111imurju 18.-19.01.pohode dvoje na\u0161ih \u010dlanova. Prvi dan posje\u0107uje se Lendava i hoda se po livadnim bregima i vinogradima, te obilaskom kapelice Svete Trojice i staro groblje. Drugi dan je Vincekov pohod hodanje po slikovitim me\u0111imurskim bregima prema vinskim kletima iz kojih odjekuje glazba, nudi se naravno vino, kobasice i raznorazne delicije i svi uspje\u0161no ishodaju tih 15 kilometara uz vino i pjesmu. To je najmasovniji planinarski pohod u lijepoj na\u0161oj, a ove godine je bilo oko 3600 posjetitelja.<\/p>\n<p style=\"text-align: justify;\">U petak 24.01. smo bili nazo\u010dni na progla\u0161enju sporta\u0161a grada Beli\u0161\u0107a. Glavni razlog na\u0161e nazo\u010dnosti je dodjela priznanja za izniman doprinos razvoju i promociji sporta od \u0160portske zajednice Osje\u010dko \u2013 baranjske \u017eupanije i Osje\u010dko \u2013baranjska \u017eupanija na\u0161em \u010dlanu Slobodanu Soldi. Tu istu ve\u010der Soldo putuje u Sloveniju, a cilj puta je snje\u017eni Triglav. Nemam \u0161to re\u0107i jer slike \u0107e vam re\u0107i tisu\u0107u rije\u010di.<\/p>\n<p style=\"text-align: justify;\">U nedjelju 26.01. smo u Gazijama na izletu Zadnjega prvoga doma\u0107ina HPD \u201eSunovrat\u201c \u0110ur\u0111enovac na Krndiji. Iz na\u0161eg dru\u0161tva bilo je trinaest \u010dlanova. Okupilo se oko 200 planinara iz 13 planinarskih udruga. Doma\u0107in nas do\u010dekuje sa pi\u0107em dobrodo\u0161lice te \u010dajem i masnim kruhom. Nakon pozdravne rije\u010di doma\u0107ina idemo na predvi\u0111ene tri planinarske staze : kra\u0107a staza je preko Pijeskova ( oko 2 sata), srednja staza je staza Put dida Ra\u010dkog (oko 3 sata) i du\u017ea je na Petrov vrh ( oko 4 sati). \u010cetvero na\u0161ih \u010dlanova odlaze na stazu preko Pijeskova, \u0161estero na stazu Put dida Ra\u010dkog, a tri \u010dlana su lagano \u0161etali svoju dionicu u Gazijama. Vrijeme za ovo doba godine je predobro i mi smo ga iskoristili za hodanje po tepihu od li\u0161\u0107a. Pri povratku u planinarsku ku\u0107u o\u010dekuje nas izvrstan planinarski grah, nastavljamo dru\u017eenje uz pi\u0107e i \u017eivu glazbu. Pozdravljamo se sa doma\u0107inima i u 14 i 30 kre\u0107emo doma da stignemo gledati na\u0161e rukometa\u0161e.<\/p>\n<p style=\"text-align: right;\">Mila Andri\u0107<\/p>\n<p>[\/et_pb_text][et_pb_gallery _builder_version=&#8221;4.19.5&#8243; _module_preset=&#8221;default&#8221; theme_builder_area=&#8221;post_content&#8221; gallery_ids=&#8221;5067,5068,5069,5070,5071,5072,5073,5074,5075,5076,5077,5078,5079,5080,5081,5082,5083,5084,5085,5086,5087,5088,5089,5090,5091,5092,5093,5094,5095,5096,5097,5098,5099,5100,5101,5102,5103,5104,5105,5106,5107,5108,5109&#8243; posts_number=&#8221;43&#8243; show_title_and_caption=&#8221;off&#8221; hover_enabled=&#8221;0&#8243; sticky_enabled=&#8221;0&#8243;][\/et_pb_gallery][\/et_pb_column][\/et_pb_row][\/et_pb_section]<\/p>\n","protected":false},"excerpt":{"rendered":"<p>Prvo ovogodi\u0161nje dru\u017eenje planinara Beli\u0161\u0107a bilo je 12.01. na na\u0161oj stazi. Okupljanje je bilo kod Sv. Ane i nas osamnaest \u010dlanova krenulo je u laganu \u0161etnju do na\u0161eg odmori\u0161ta. Tamo smo zatekli ve\u0107u grupu izletnika koji su kao i mi iskoristili lijep dan i u\u017eivali u prirodi. Manja grupa je odmah produ\u017eila do vodocrpili\u0161ta u [&hellip;]<\/p>\n","protected":false},"author":1,"featured_media":0,"comment_status":"closed","ping_status":"open","sticky":false,"template":"","format":"standard","meta":{"_et_pb_use_builder":"on","_et_pb_old_content":"","_et_gb_content_width":"1080","footnotes":""},"categories":[34],"tags":[],"class_list":["post-5065","post","type-post","status-publish","format-standard","hentry","category-34"],"_links":{"self":[{"href":"https:\/\/www.slavonski-planinari.hr\/arhiva\/wp-json\/wp\/v2\/posts\/5065","targetHints":{"allow":["GET"]}}],"collection":[{"href":"https:\/\/www.slavonski-planinari.hr\/arhiva\/wp-json\/wp\/v2\/posts"}],"about":[{"href":"https:\/\/www.slavonski-planinari.hr\/arhiva\/wp-json\/wp\/v2\/types\/post"}],"author":[{"embeddable":true,"href":"https:\/\/www.slavonski-planinari.hr\/arhiva\/wp-json\/wp\/v2\/users\/1"}],"replies":[{"embeddable":true,"href":"https:\/\/www.slavonski-planinari.hr\/arhiva\/wp-json\/wp\/v2\/comments?post=5065"}],"version-history":[{"count":0,"href":"https:\/\/www.slavonski-planinari.hr\/arhiva\/wp-json\/wp\/v2\/posts\/5065\/revisions"}],"wp:attachment":[{"href":"https:\/\/www.slavonski-planinari.hr\/arhiva\/wp-json\/wp\/v2\/media?parent=5065"}],"wp:term":[{"taxonomy":"category","embeddable":true,"href":"https:\/\/www.slavonski-planinari.hr\/arhiva\/wp-json\/wp\/v2\/categories?post=5065"},{"taxonomy":"post_tag","embeddable":true,"href":"https:\/\/www.slavonski-planinari.hr\/arhiva\/wp-json\/wp\/v2\/tags?post=5065"}],"curies":[{"name":"wp","href":"https:\/\/api.w.org\/{rel}","templated":true}]}}