{"id":5052,"date":"2020-01-08T08:09:00","date_gmt":"2020-01-08T07:09:00","guid":{"rendered":"https:\/\/www.slavonski-planinari.hr\/arhiva\/?p=5052"},"modified":"2023-02-01T08:16:10","modified_gmt":"2023-02-01T07:16:10","slug":"obavijest-svim-clanicama","status":"publish","type":"post","link":"https:\/\/www.slavonski-planinari.hr\/arhiva\/obavijest-svim-clanicama\/","title":{"rendered":"OBAVIJEST svim \u010dlanicama!!!"},"content":{"rendered":"<p>[et_pb_section fb_built=&#8221;1&#8243; theme_builder_area=&#8221;post_content&#8221; _builder_version=&#8221;4.19.5&#8243; _module_preset=&#8221;default&#8221;][et_pb_row _builder_version=&#8221;4.19.5&#8243; _module_preset=&#8221;default&#8221; theme_builder_area=&#8221;post_content&#8221;][et_pb_column _builder_version=&#8221;4.19.5&#8243; _module_preset=&#8221;default&#8221; type=&#8221;4_4&#8243; theme_builder_area=&#8221;post_content&#8221;][et_pb_text _builder_version=&#8221;4.19.5&#8243; _module_preset=&#8221;default&#8221; theme_builder_area=&#8221;post_content&#8221; hover_enabled=&#8221;0&#8243; sticky_enabled=&#8221;0&#8243;]<\/p>\n<p style=\"text-align: justify;\"><img loading=\"lazy\" decoding=\"async\" src=\"https:\/\/www.slavonski-planinari.hr\/arhiva\/wp-content\/uploads\/2023\/02\/3-tecaj-vg.jpg\" width=\"1024\" height=\"432\" alt=\"\" class=\"wp-image-5054 aligncenter size-full\" srcset=\"https:\/\/www.slavonski-planinari.hr\/arhiva\/wp-content\/uploads\/2023\/02\/3-tecaj-vg.jpg 1024w, https:\/\/www.slavonski-planinari.hr\/arhiva\/wp-content\/uploads\/2023\/02\/3-tecaj-vg-980x413.jpg 980w, https:\/\/www.slavonski-planinari.hr\/arhiva\/wp-content\/uploads\/2023\/02\/3-tecaj-vg-480x203.jpg 480w\" sizes=\"(min-width: 0px) and (max-width: 480px) 480px, (min-width: 481px) and (max-width: 980px) 980px, (min-width: 981px) 1024px, 100vw\" \/><\/p>\n<p style=\"text-align: justify;\">\n<p style=\"text-align: justify;\">Odsjek za visokogorstvo pri udruzi Slavonski planinari ove godine planira odr\u017eati 3. Te\u010daj zimskog planinarenja (Visokogorski te\u010daj) za sve planinare koji imaju zavr\u0161enu op\u0107u planinarsku \u0161kolu i dovoljno iskustva u planinama, a zainteresirani su za planinarenje po visokom gorju.<\/p>\n<p style=\"text-align: justify;\">Zainteresirani \u010dlanovi va\u0161ih dru\u0161tava se trebaju sami ili grupno (s imenima, kontaktima i kratkim planinarskim \u017eivotopisom) javiti radi utvr\u0111ivanja interesa te daljnjih dogovora oko realizacije te\u010daja, najkasnije do 15.2.2020. na mail:<span>\u00a0<\/span><span id=\"cloakc7b7b2a74e1c4cf4cf6552a0510503c8\"><a href=\"mailto:odsjekzavisokogorstvo@gmail.com\">odsjekzavisokogorstvo@gmail.com<\/a><\/span><\/p>\n<p style=\"text-align: justify;\">U privitku se nalazi plan i program te\u010daja, te ostale informacije o te\u010daju.<\/p>\n<p style=\"text-align: justify;\">Za sva ostala pitanja na raspolaganju je Marija Kelava, pro\u010delnica odsjeka za visokogorstvo SP<\/p>\n<p style=\"text-align: justify;\">[\/et_pb_text][\/et_pb_column][\/et_pb_row][\/et_pb_section]<\/p>\n","protected":false},"excerpt":{"rendered":"<p>Odsjek za visokogorstvo pri udruzi Slavonski planinari ove godine planira odr\u017eati 3. Te\u010daj zimskog planinarenja (Visokogorski te\u010daj) za sve planinare koji imaju zavr\u0161enu op\u0107u planinarsku \u0161kolu i dovoljno iskustva u planinama, a zainteresirani su za planinarenje po visokom gorju. Zainteresirani \u010dlanovi va\u0161ih dru\u0161tava se trebaju sami ili grupno (s imenima, kontaktima i kratkim planinarskim \u017eivotopisom) [&hellip;]<\/p>\n","protected":false},"author":1,"featured_media":0,"comment_status":"closed","ping_status":"open","sticky":false,"template":"","format":"standard","meta":{"_et_pb_use_builder":"on","_et_pb_old_content":"","_et_gb_content_width":"1080","footnotes":""},"categories":[34],"tags":[],"class_list":["post-5052","post","type-post","status-publish","format-standard","hentry","category-34"],"_links":{"self":[{"href":"https:\/\/www.slavonski-planinari.hr\/arhiva\/wp-json\/wp\/v2\/posts\/5052","targetHints":{"allow":["GET"]}}],"collection":[{"href":"https:\/\/www.slavonski-planinari.hr\/arhiva\/wp-json\/wp\/v2\/posts"}],"about":[{"href":"https:\/\/www.slavonski-planinari.hr\/arhiva\/wp-json\/wp\/v2\/types\/post"}],"author":[{"embeddable":true,"href":"https:\/\/www.slavonski-planinari.hr\/arhiva\/wp-json\/wp\/v2\/users\/1"}],"replies":[{"embeddable":true,"href":"https:\/\/www.slavonski-planinari.hr\/arhiva\/wp-json\/wp\/v2\/comments?post=5052"}],"version-history":[{"count":0,"href":"https:\/\/www.slavonski-planinari.hr\/arhiva\/wp-json\/wp\/v2\/posts\/5052\/revisions"}],"wp:attachment":[{"href":"https:\/\/www.slavonski-planinari.hr\/arhiva\/wp-json\/wp\/v2\/media?parent=5052"}],"wp:term":[{"taxonomy":"category","embeddable":true,"href":"https:\/\/www.slavonski-planinari.hr\/arhiva\/wp-json\/wp\/v2\/categories?post=5052"},{"taxonomy":"post_tag","embeddable":true,"href":"https:\/\/www.slavonski-planinari.hr\/arhiva\/wp-json\/wp\/v2\/tags?post=5052"}],"curies":[{"name":"wp","href":"https:\/\/api.w.org\/{rel}","templated":true}]}}