{"id":4998,"date":"2020-01-06T08:05:00","date_gmt":"2020-01-06T07:05:00","guid":{"rendered":"https:\/\/www.slavonski-planinari.hr\/arhiva\/?p=4998"},"modified":"2023-02-01T08:09:27","modified_gmt":"2023-02-01T07:09:27","slug":"planinari-hpd-papuk-obiljezili-blagdan-sveta-tri-kralja","status":"publish","type":"post","link":"https:\/\/www.slavonski-planinari.hr\/arhiva\/planinari-hpd-papuk-obiljezili-blagdan-sveta-tri-kralja\/","title":{"rendered":"Planinari HPD &#8220;Papuk&#8221; obilje\u017eili blagdan Sveta tri kralja"},"content":{"rendered":"<p>[et_pb_section fb_built=&#8221;1&#8243; theme_builder_area=&#8221;post_content&#8221; _builder_version=&#8221;4.19.5&#8243; _module_preset=&#8221;default&#8221;][et_pb_row _builder_version=&#8221;4.19.5&#8243; _module_preset=&#8221;default&#8221; theme_builder_area=&#8221;post_content&#8221;][et_pb_column _builder_version=&#8221;4.19.5&#8243; _module_preset=&#8221;default&#8221; type=&#8221;4_4&#8243; theme_builder_area=&#8221;post_content&#8221;][et_pb_text _builder_version=&#8221;4.19.5&#8243; _module_preset=&#8221;default&#8221; theme_builder_area=&#8221;post_content&#8221; hover_enabled=&#8221;0&#8243; sticky_enabled=&#8221;0&#8243;]<\/p>\n<p style=\"text-align: justify;\">I planinari HPD \u201ePapuk\u201c su tradicionalno povodom blagdana Sveta tri kralja u nedjelju, 5. 1., zapo\u010deli ovu 2020. godinu okupljanjem kod njihove planinarske ku\u0107ice \u201eBrusovi\u201c.\u00a0<span>Sun\u010dan, pomalo vjetrovit, ali predivan dan za boravak u prirodi i okupljanju planinara sa jednim, zajedni\u010dkim ciljem\u2026.u\u017eivanjem. Bilo je tu i kandidata za nove \u010dlanove dru\u0161tva, a i onih iskustvom starijih planinara, bilo je smijeha i pregr\u0161t pozitivne energije. Na\u0161i iskusni planinari, ujedno i pripravnici za vodi\u010de Goran i Tijana, vodili su brigu o 60tak planinara koje su na siguran na\u010din poveli kroz \u201eosmicu\u201c\u2026dio planinarske staze \u201eVilinsko oko\u201c, od ku\u0107ice do viroviti\u010dkih ribnjaka, Paulovog izvora i natrag. Dio planinara je obi\u0161ao i samo Vilinsko oko. Nakon 3,5 h planinarenja i 11 km boravka na svje\u017eem zraku godio je tako dobar ru\u010dak koji su za sve sudionike osigurali i pripremili na\u0161i doma\u0107ini, planinari Melanka i Zlatko. Hvala im na trudu i volontiranju za dru\u0161tvo. Nakon ru\u010dka i toplih napitaka \u010dak se i zaplesalo oko vatrice. Planinarska godina je otvorena te planinari viroviti\u010dkog kraja pozivaju sve zainteresirane \u0161eta\u010de, mlade i one koji se tako osje\u0107aju, da im se pridru\u017ee u organiziranim planinarskim aktivnostima koje ovo Dru\u0161tvo omogu\u0107uje.<\/span><\/p>\n<p style=\"text-align: justify;\">\n<div id=\"unitegallery_8_1\" class=\"unite-gallery ug-gallery-wrapper ug-theme-tiles\">\n<div class=\"ug-tiles-wrapper ug-tiletype-justified ug-tiles-rest-mode ug-tiles-transit\">\n<div class=\"ug-thumb-wrapper ug-tile ug-tile-clickable\">\n<div class=\"ug-thumb-overlay\" style=\"text-align: justify;\"><\/div>\n<\/div>\n<\/div>\n<\/div>\n<p>[\/et_pb_text][et_pb_gallery _builder_version=&#8221;4.19.5&#8243; _module_preset=&#8221;default&#8221; theme_builder_area=&#8221;post_content&#8221; gallery_ids=&#8221;5000,5001,5002,5003,5004,5005,5006,5007,5008,5009,5010,5011,5012,5013,5014,5015,5016,5017,5018,5019,5020,5021,5022,5023,5024,5025,5026,5027,5028,5029,5030,5031,5032,5033,5034,5035,5036,5037,5038,5039,5040,5041,5042,5043,5044,5045,5046,5047,5048,5049&#8243; posts_number=&#8221;50&#8243; show_title_and_caption=&#8221;off&#8221; hover_enabled=&#8221;0&#8243; sticky_enabled=&#8221;0&#8243;][\/et_pb_gallery][\/et_pb_column][\/et_pb_row][\/et_pb_section]<\/p>\n","protected":false},"excerpt":{"rendered":"<p>I planinari HPD \u201ePapuk\u201c su tradicionalno povodom blagdana Sveta tri kralja u nedjelju, 5. 1., zapo\u010deli ovu 2020. godinu okupljanjem kod njihove planinarske ku\u0107ice \u201eBrusovi\u201c.\u00a0Sun\u010dan, pomalo vjetrovit, ali predivan dan za boravak u prirodi i okupljanju planinara sa jednim, zajedni\u010dkim ciljem\u2026.u\u017eivanjem. Bilo je tu i kandidata za nove \u010dlanove dru\u0161tva, a i onih iskustvom starijih [&hellip;]<\/p>\n","protected":false},"author":1,"featured_media":0,"comment_status":"closed","ping_status":"open","sticky":false,"template":"","format":"standard","meta":{"_et_pb_use_builder":"on","_et_pb_old_content":"","_et_gb_content_width":"1080","footnotes":""},"categories":[34],"tags":[],"class_list":["post-4998","post","type-post","status-publish","format-standard","hentry","category-34"],"_links":{"self":[{"href":"https:\/\/www.slavonski-planinari.hr\/arhiva\/wp-json\/wp\/v2\/posts\/4998","targetHints":{"allow":["GET"]}}],"collection":[{"href":"https:\/\/www.slavonski-planinari.hr\/arhiva\/wp-json\/wp\/v2\/posts"}],"about":[{"href":"https:\/\/www.slavonski-planinari.hr\/arhiva\/wp-json\/wp\/v2\/types\/post"}],"author":[{"embeddable":true,"href":"https:\/\/www.slavonski-planinari.hr\/arhiva\/wp-json\/wp\/v2\/users\/1"}],"replies":[{"embeddable":true,"href":"https:\/\/www.slavonski-planinari.hr\/arhiva\/wp-json\/wp\/v2\/comments?post=4998"}],"version-history":[{"count":0,"href":"https:\/\/www.slavonski-planinari.hr\/arhiva\/wp-json\/wp\/v2\/posts\/4998\/revisions"}],"wp:attachment":[{"href":"https:\/\/www.slavonski-planinari.hr\/arhiva\/wp-json\/wp\/v2\/media?parent=4998"}],"wp:term":[{"taxonomy":"category","embeddable":true,"href":"https:\/\/www.slavonski-planinari.hr\/arhiva\/wp-json\/wp\/v2\/categories?post=4998"},{"taxonomy":"post_tag","embeddable":true,"href":"https:\/\/www.slavonski-planinari.hr\/arhiva\/wp-json\/wp\/v2\/tags?post=4998"}],"curies":[{"name":"wp","href":"https:\/\/api.w.org\/{rel}","templated":true}]}}