{"id":494,"date":"2022-12-19T08:09:18","date_gmt":"2022-12-19T07:09:18","guid":{"rendered":"https:\/\/www.slavonski-planinari.hr\/arhiva\/wp\/?p=494"},"modified":"2023-02-15T13:55:39","modified_gmt":"2023-02-15T12:55:39","slug":"obiljezavanje-mdp-17-izlet-nepoznati-papuk-i-krndija-na-razmedu-krndije-i-papuka","status":"publish","type":"post","link":"https:\/\/www.slavonski-planinari.hr\/arhiva\/obiljezavanje-mdp-17-izlet-nepoznati-papuk-i-krndija-na-razmedu-krndije-i-papuka\/","title":{"rendered":"Obilje\u017eavanje MDP &#8211; 17. Izlet Nepoznati Papuk i Krndija Na razme\u0111u Krndije i Papuka"},"content":{"rendered":"<p>[et_pb_section fb_built=&#8221;1&#8243; _builder_version=&#8221;4.18.0&#8243; _module_preset=&#8221;default&#8221; custom_padding=&#8221;0px|||||&#8221; global_colors_info=&#8221;{}&#8221; theme_builder_area=&#8221;post_content&#8221;][et_pb_row _builder_version=&#8221;4.18.0&#8243; _module_preset=&#8221;default&#8221; global_colors_info=&#8221;{}&#8221; theme_builder_area=&#8221;post_content&#8221;][et_pb_column type=&#8221;4_4&#8243; _builder_version=&#8221;4.18.0&#8243; _module_preset=&#8221;default&#8221; global_colors_info=&#8221;{}&#8221; theme_builder_area=&#8221;post_content&#8221;][et_pb_text _builder_version=&#8221;4.19.3&#8243; _module_preset=&#8221;default&#8221; hover_enabled=&#8221;0&#8243; global_colors_info=&#8221;{}&#8221; theme_builder_area=&#8221;post_content&#8221; sticky_enabled=&#8221;0&#8243;]<\/p>\n<p style=\"text-align: justify;\">Tradicionalni Izlet u nepoznati Papuk (i Krndiju), odr\u017ean je na sam Me\u0111unarodni dan planina \u2013 11.prosinca 2022.godine. U najavi i pozivu je kori\u0161ten redni broj 16 no naknadno je ustanovljeno da postoji evidentirani kontinuitet obilje\u017eavanja u pandemijskoj 2020. godini pa je na baneru i prigodnom letku kori\u0161ten ispravan redni broj \u2013 17.<\/p>\n<p style=\"text-align: justify;\">Ponu\u0111ena je samo jedna du\u017ea, kondicijski zahtjevnija trasa a od kra\u0107e se odustalo. O tome su svi sudionici obavije\u0161teni u najavi, pozivu i preko dru\u0161tvenih mre\u017ea. Najve\u0107i izazov je bila vrlo nepovoljna meteorolo\u0161ka situacija u tjednu prije i neizvjesnost za sam dan odr\u017eavanja akcije. Od velike pomo\u0107i u pra\u0107enju te situacije i planiranju alternativnih rje\u0161enja su bile detaljne prognoze Kristijana paljara, planinara i meteorologa iz Virovitice. Nakon izuzetno ki\u0161ne subote, nedjelja je osvanula kako je prognozirao: bez padalina, temperatura oko nule i 5-10 cm snjega iznad 400 m.<\/p>\n<p style=\"text-align: justify;\">Kod zbornog mjesta, lugarnice Zden\u010dina, na sutoku potoka koji stvaraju Radlova\u010dku rijeku, okupilo se 100tinjak planinarki i planinara iz 15 dru\u0161tava. Toliko se pribli\u017eno i o\u010dekivalo po najavama, s vrlo malo odustajanja. Dan idealan za u\u017eivanje, snijega taman toliko da ugo\u0111aj bude pravi a bez ote\u017eanog kretanja. U momentima se pojavljivalo zimsko plavo nebo i pokoja zraka sunca. Starim planinarskim putom, pored partizanskog groblja, uz potok do kri\u017eanja \u0161umskih cesta ispod O\u0161tre glave, cestom pa prosjekom do vrha To\u010dak, o\u0161tri spust do ceste kod kamenoloma Hercegovac, uspon pored Ru\u017eice grada do Starog grada, spust do Sibovca te povratak preko Rastove kose i Malog visa. Odustalo se od ostataka rimskog mosta zbog strmog spusta i isto takvog uspona nazad. Grupa se dosta razvukla, ponajvi\u0161e zbog zanemarivanja nagla\u0161ena potrebe za solidnijom kondicijom. Ni\u0161ta novo za takve akcije, malo sporiji tempo i vi\u0161e kra\u0107ih odmora rje\u0161avaju sve. Nakon svega svi umorni, zadovoljni i siti (topli grh sa suhim mesom) odlazimo ku\u0107ama.<\/p>\n<p style=\"text-align: justify;\">Ovogodi\u0161nji prigodni Izlet u nepoznati Papuk je prvi u \u010dijoj organizaciji nije neposredno sudjelovao Miro Mesi\u0107, idejni za\u010detnik\/autor ovakvog obilje\u017eavanja Me\u0111unarodnog dana planina za Slavoniju (u \u0161irem smislu) jo\u0161 od 2006. godine. Ideja je izravno povezana s ISPO grupom (istra\u017eiva\u010dko planinarstvo neobilje\u017eenim stazama) i njegovim radnim mjestom u PP Papuk (nadzornik). Od nedavno je u mirovini i prepu\u0161ta drugima (mla\u0111ima) da prihvate i nastave tradiciju. Miro je, u vlastitoj nakladi, izradio manji broj knji\u017eica\/bro\u0161ura sa osnovnim informacijama o obilje\u017eavanju MDPa na Papuku os 2006. &#8211; 2021., dok je bio organizator, i podijelio nazo\u010dnim predstavnicima dru\u0161tva. Tako se, na simboli\u010dan na\u010din zahvalio svima koji su do sada sudjelovali ali i sa\u010duvao dio va\u017ene slavonske planinarske povijesti od zaborava.<\/p>\n<p style=\"text-align: justify;\">U dogovoru s organizatorima, trasu su predlo\u017eili i njome vodili \u010dlanovi HPD Orahovica Zorko Steiner i Nenad Terek a logistiku (sendvi\u010di i topli \u010daj za doru\u010dak i grah za ru\u010dak &#8211; sve besplatno) je osigurao PP Papuk. O organizaciji su skrbili Marko Dobo\u0161 (PP Papuk) i Otmar Tosenberger (Slavonski planinari). Zahvala \u0160umariji Orahovica i LD Vepar iz Orahovice za ustupljeni prostor ku\u0107e na Zden\u010dini.<\/p>\n<p style=\"text-align: justify;\">O sigurnosti su brinuli \u010dlanovi HGSS stanice Orahovica i jedan \u010dlan HGSS stanice Slavonski Brod. Prema ranijem dogovoru, u\u017eetom za pridr\u017eavanje je osiguran jedan blatnjavi spust. Bilo je vi\u0161e posklizni\u0107a na blatu i snijegu no bez ozljeda. Prije zadnjeg ve\u0107eg uspona je, zbog iscrpljenosti, dvojici planinara predlo\u017een i realiziran prijevoz do zbornog mjesta.<\/p>\n<p style=\"text-align: justify;\">Mo\u017eemo zaklju\u010diti da se tradicija uspje\u0161no nastavlja ali ima mjesta i da se, na temelju dosada\u0161njih iskustava, pone\u0161to promijeni \u2013 na bolje.<\/p>\n<p style=\"text-align: justify;\">Do novog prigodnog susreta za godinu dana, \u010duvajmo planine i \u017eivimo u njima i s njima!<\/p>\n<p>[\/et_pb_text][\/et_pb_column][\/et_pb_row][et_pb_row _builder_version=&#8221;4.18.0&#8243; _module_preset=&#8221;default&#8221; hover_enabled=&#8221;0&#8243; global_colors_info=&#8221;{}&#8221; theme_builder_area=&#8221;post_content&#8221; sticky_enabled=&#8221;0&#8243;][et_pb_column type=&#8221;4_4&#8243; _builder_version=&#8221;4.18.0&#8243; _module_preset=&#8221;default&#8221; global_colors_info=&#8221;{}&#8221; theme_builder_area=&#8221;post_content&#8221;][et_pb_gallery gallery_ids=&#8221;498,499,500,501,502,503,504,505,506,507,508,509,510,511,512,513&#8243; posts_number=&#8221;16&#8243; show_title_and_caption=&#8221;off&#8221; show_pagination=&#8221;off&#8221; _builder_version=&#8221;4.19.3&#8243; _module_preset=&#8221;default&#8221; pagination_font=&#8221;Montserrat||||||||&#8221; animation_style=&#8221;flip&#8221; hover_enabled=&#8221;0&#8243; box_shadow_style_image=&#8221;preset2&#8243; global_colors_info=&#8221;{}&#8221; theme_builder_area=&#8221;post_content&#8221; sticky_enabled=&#8221;0&#8243;][\/et_pb_gallery][\/et_pb_column][\/et_pb_row][\/et_pb_section]<\/p>\n","protected":false},"excerpt":{"rendered":"<p>Tradicionalni Izlet u nepoznati Papuk (i Krndiju), odr\u017ean je na sam Me\u0111unarodni dan planina \u2013 11.prosinca 2022.godine. U najavi i pozivu je kori\u0161ten redni broj 16 no naknadno je ustanovljeno da postoji evidentirani kontinuitet obilje\u017eavanja u pandemijskoj 2020. godini pa je na baneru i prigodnom letku kori\u0161ten ispravan redni broj \u2013 17. Ponu\u0111ena je samo [&hellip;]<\/p>\n","protected":false},"author":1,"featured_media":496,"comment_status":"closed","ping_status":"open","sticky":false,"template":"","format":"standard","meta":{"_et_pb_use_builder":"on","_et_pb_old_content":"","_et_gb_content_width":"1080","footnotes":""},"categories":[37],"tags":[],"class_list":["post-494","post","type-post","status-publish","format-standard","has-post-thumbnail","hentry","category-37"],"_links":{"self":[{"href":"https:\/\/www.slavonski-planinari.hr\/arhiva\/wp-json\/wp\/v2\/posts\/494","targetHints":{"allow":["GET"]}}],"collection":[{"href":"https:\/\/www.slavonski-planinari.hr\/arhiva\/wp-json\/wp\/v2\/posts"}],"about":[{"href":"https:\/\/www.slavonski-planinari.hr\/arhiva\/wp-json\/wp\/v2\/types\/post"}],"author":[{"embeddable":true,"href":"https:\/\/www.slavonski-planinari.hr\/arhiva\/wp-json\/wp\/v2\/users\/1"}],"replies":[{"embeddable":true,"href":"https:\/\/www.slavonski-planinari.hr\/arhiva\/wp-json\/wp\/v2\/comments?post=494"}],"version-history":[{"count":0,"href":"https:\/\/www.slavonski-planinari.hr\/arhiva\/wp-json\/wp\/v2\/posts\/494\/revisions"}],"wp:featuredmedia":[{"embeddable":true,"href":"https:\/\/www.slavonski-planinari.hr\/arhiva\/wp-json\/wp\/v2\/media\/496"}],"wp:attachment":[{"href":"https:\/\/www.slavonski-planinari.hr\/arhiva\/wp-json\/wp\/v2\/media?parent=494"}],"wp:term":[{"taxonomy":"category","embeddable":true,"href":"https:\/\/www.slavonski-planinari.hr\/arhiva\/wp-json\/wp\/v2\/categories?post=494"},{"taxonomy":"post_tag","embeddable":true,"href":"https:\/\/www.slavonski-planinari.hr\/arhiva\/wp-json\/wp\/v2\/tags?post=494"}],"curies":[{"name":"wp","href":"https:\/\/api.w.org\/{rel}","templated":true}]}}