{"id":4933,"date":"2019-12-04T10:33:00","date_gmt":"2019-12-04T09:33:00","guid":{"rendered":"https:\/\/www.slavonski-planinari.hr\/arhiva\/?p=4933"},"modified":"2023-01-31T10:38:47","modified_gmt":"2023-01-31T09:38:47","slug":"planinari-hpd-belisce-na-krndiji-i-papuku-01-12-2019","status":"publish","type":"post","link":"https:\/\/www.slavonski-planinari.hr\/arhiva\/planinari-hpd-belisce-na-krndiji-i-papuku-01-12-2019\/","title":{"rendered":"Planinari HPD \u201eBeli\u0161\u0107e\u201c na Krndiji i Papuku &#8211; 01.12.2019."},"content":{"rendered":"<p>[et_pb_section fb_built=&#8221;1&#8243; theme_builder_area=&#8221;post_content&#8221; _builder_version=&#8221;4.19.5&#8243; _module_preset=&#8221;default&#8221;][et_pb_row _builder_version=&#8221;4.19.5&#8243; _module_preset=&#8221;default&#8221; theme_builder_area=&#8221;post_content&#8221;][et_pb_column _builder_version=&#8221;4.19.5&#8243; _module_preset=&#8221;default&#8221; type=&#8221;4_4&#8243; theme_builder_area=&#8221;post_content&#8221;][et_pb_text _builder_version=&#8221;4.19.5&#8243; _module_preset=&#8221;default&#8221; theme_builder_area=&#8221;post_content&#8221; hover_enabled=&#8221;0&#8243; sticky_enabled=&#8221;0&#8243;]<\/p>\n<p style=\"text-align: justify;\">Bili smo u Gazijama na izletu Prvi zadnjega doma\u0107ina HPD \u201eSunovrat\u201c \u0110ur\u0111enovac na Krndiji. Iz na\u0161eg dru\u0161tva bilo nas je osamnaest. Okupilo se oko 150 planinara iz 10 planinarskih udruga. Doma\u0107in nas do\u010dekuje sa pi\u0107em dobrodo\u0161lice te \u010dajem i masnim kruhom. Nakon pozdravne rije\u010di doma\u0107ina idemo na predvi\u0111ene tri planinarske staze: kra\u0107a staza je preko Pijeskova ( oko 2 sata), srednja staza je staza Put dida Ra\u010dkog (oko 3 sata) i du\u017ea je na Petrov vrh ( oko 4 sati). Na\u0161ih petero \u010dlanova odlazi na Petrov vrh, a svi ostali na stazu Put dida Ra\u010dkog. Hodali smo dionicama Tragom prvog izleta, Razbijeno kolo, Kolut i dionicom kroz kanjon Lekinog potoka do planinarske ku\u0107e. Vrijeme je za ovo doba godine predobro i mi smo ga iskoristili za hodanje po tepihu od li\u0161\u0107a , a usput smo imali priliku i brati gljive sun\u010danice. Pri povratku u planinarsku ku\u0107u o\u010dekuje nas izvrstan planinarski grah, nastavljamo dru\u017eenje uz pi\u0107e i \u017eivu glazbu. Pozdravljamo se sa doma\u0107inima i u 16 i 30 kre\u0107emo doma.<\/p>\n<p style=\"text-align: justify;\">Jedan na\u0161 \u010dlan bio je na pohodu \u201eAn\u0111ina baraka\u201c u spomen poginulim hrvatskim braniteljima na Papuku, a doma\u0107in je PD \u201eMali\u0161\u0107ak\u201c iz Velike. Okupljanje je bilo ispred crkve Sv. Augustina u Velikoj u 8 i 30 sati. Okupilo se oko \u0161ezdeset planinara. Do\u010dekali su nas ljubazni doma\u0107ini sa pi\u0107em dobrodo\u0161lice te pecivom i \u010dajem. Krenuli smo prema Starom gradu i Tauberovim stijenama. Nastavljamo do vrha Lapjak i nakon 3 sata hoda dolazimo do An\u0111ine barake. Nakon dru\u017eenja, molitve i fotografiranja krenulo se nazad.<\/p>\n<p style=\"text-align: right;\">Matko Florijan\u010di\u0107<\/p>\n<p style=\"text-align: right;\">Mila Andri\u0107<\/p>\n<p>[\/et_pb_text][et_pb_gallery _builder_version=&#8221;4.19.5&#8243; _module_preset=&#8221;default&#8221; theme_builder_area=&#8221;post_content&#8221; gallery_ids=&#8221;4935,4936,4937,4938,4939,4940,4941,4942,4943,4944,4945,4946,4947,4948,4949,4950,4951,4952,4953,4954,4955,4956,4957,4958,4959,4960,4961,4962,4963&#8243; posts_number=&#8221;29&#8243; show_title_and_caption=&#8221;off&#8221; hover_enabled=&#8221;0&#8243; sticky_enabled=&#8221;0&#8243;][\/et_pb_gallery][\/et_pb_column][\/et_pb_row][\/et_pb_section]<\/p>\n","protected":false},"excerpt":{"rendered":"<p>Bili smo u Gazijama na izletu Prvi zadnjega doma\u0107ina HPD \u201eSunovrat\u201c \u0110ur\u0111enovac na Krndiji. Iz na\u0161eg dru\u0161tva bilo nas je osamnaest. Okupilo se oko 150 planinara iz 10 planinarskih udruga. Doma\u0107in nas do\u010dekuje sa pi\u0107em dobrodo\u0161lice te \u010dajem i masnim kruhom. Nakon pozdravne rije\u010di doma\u0107ina idemo na predvi\u0111ene tri planinarske staze: kra\u0107a staza je preko [&hellip;]<\/p>\n","protected":false},"author":1,"featured_media":0,"comment_status":"closed","ping_status":"open","sticky":false,"template":"","format":"standard","meta":{"_et_pb_use_builder":"on","_et_pb_old_content":"","_et_gb_content_width":"1080","footnotes":""},"categories":[33],"tags":[],"class_list":["post-4933","post","type-post","status-publish","format-standard","hentry","category-33"],"_links":{"self":[{"href":"https:\/\/www.slavonski-planinari.hr\/arhiva\/wp-json\/wp\/v2\/posts\/4933","targetHints":{"allow":["GET"]}}],"collection":[{"href":"https:\/\/www.slavonski-planinari.hr\/arhiva\/wp-json\/wp\/v2\/posts"}],"about":[{"href":"https:\/\/www.slavonski-planinari.hr\/arhiva\/wp-json\/wp\/v2\/types\/post"}],"author":[{"embeddable":true,"href":"https:\/\/www.slavonski-planinari.hr\/arhiva\/wp-json\/wp\/v2\/users\/1"}],"replies":[{"embeddable":true,"href":"https:\/\/www.slavonski-planinari.hr\/arhiva\/wp-json\/wp\/v2\/comments?post=4933"}],"version-history":[{"count":0,"href":"https:\/\/www.slavonski-planinari.hr\/arhiva\/wp-json\/wp\/v2\/posts\/4933\/revisions"}],"wp:attachment":[{"href":"https:\/\/www.slavonski-planinari.hr\/arhiva\/wp-json\/wp\/v2\/media?parent=4933"}],"wp:term":[{"taxonomy":"category","embeddable":true,"href":"https:\/\/www.slavonski-planinari.hr\/arhiva\/wp-json\/wp\/v2\/categories?post=4933"},{"taxonomy":"post_tag","embeddable":true,"href":"https:\/\/www.slavonski-planinari.hr\/arhiva\/wp-json\/wp\/v2\/tags?post=4933"}],"curies":[{"name":"wp","href":"https:\/\/api.w.org\/{rel}","templated":true}]}}